{"id":26332,"date":"2025-11-06T10:49:52","date_gmt":"2025-11-06T13:49:52","guid":{"rendered":"https:\/\/blogdodanielgalvao.com.br\/site\/?p=26332"},"modified":"2025-11-06T10:50:15","modified_gmt":"2025-11-06T13:50:15","slug":"macae-cresce-e-gera-mais-de-7-mil-empregos-em-2025-segundo-caged","status":"publish","type":"post","link":"https:\/\/blogdodanielgalvao.com.br\/site\/macae-cresce-e-gera-mais-de-7-mil-empregos-em-2025-segundo-caged\/","title":{"rendered":"Maca\u00e9 cresce e gera mais de 7 mil empregos em 2025, segundo Caged"},"content":{"rendered":"\n<p>O Cadastro Geral de Empregados e Desempregados (Caged) divulgou um novo balan\u00e7o que mant\u00e9m Maca\u00e9 com papel de destaque no cen\u00e1rio estadual quando o assunto \u00e9 a gera\u00e7\u00e3o de empregos. Os dados mostram que o munic\u00edpio fechou setembro de 2025 com 529 novas vagas de trabalho formal, alcan\u00e7ando a quarta posi\u00e7\u00e3o entre as cidades do Estado do Rio de Janeiro.<\/p>\n\n\n\n<p>No acumulado do ano, Maca\u00e9 segue com saldo positivo de 7.051 postos de trabalho. Esses n\u00fameros colocam a cidade na segunda posi\u00e7\u00e3o no Estado, atr\u00e1s apenas da capital fluminense. Para o prefeito de Maca\u00e9, Welberth Rezende, o resultado confirma o ambiente favor\u00e1vel aos neg\u00f3cios e o trabalho integrado do poder p\u00fablico com os diversos setores produtivos.<\/p>\n\n\n\n<p>\u201cOs n\u00fameros mostram que Maca\u00e9 vive um momento s\u00f3lido de retomada e expans\u00e3o. O munic\u00edpio vem fortalecendo pol\u00edticas p\u00fablicas voltadas \u00e0 qualifica\u00e7\u00e3o profissional, \u00e0 atra\u00e7\u00e3o de investimentos e \u00e0 diversifica\u00e7\u00e3o econ\u00f4mica. Isso tem gerado oportunidades reais para nossa popula\u00e7\u00e3o e consolidado a cidade como polo regional de desenvolvimento\u201d, destacou.<\/p>\n\n\n\n<p>Para o secret\u00e1rio municipal de Trabalho e Renda, Rafael Franco, os dados divulgados pelo Caged refor\u00e7am a for\u00e7a econ\u00f4mica de Maca\u00e9. \u201cO munic\u00edpio n\u00e3o apenas lidera entre as cidades do interior, como tamb\u00e9m supera capitais brasileiras no desempenho anual. Se fosse comparado ao ranking das capitais, Maca\u00e9 ocuparia a 19\u00aa posi\u00e7\u00e3o, \u00e0 frente de nove delas: Aracaju, Macei\u00f3, Macap\u00e1, Porto Velho, Florian\u00f3polis, Palmas, Boa Vista, Vit\u00f3ria e Rio Branco\u201d, detalha.<\/p>\n\n\n\n<p>Maca\u00e9 se destaca tamb\u00e9m quando levamos em conta o desempenho proporcional na gera\u00e7\u00e3o de empregos. Agora em 2025, o munic\u00edpio apresenta 26,7 novas vagas a cada mil habitantes. Esse n\u00famero \u00e9 quase duas vezes superior ao do estado com o melhor \u00edndice do pa\u00eds (Mato Grosso, com 15,4). Isso significa dizer que, proporcionalmente, Maca\u00e9 teve o melhor resultado do Brasil em gera\u00e7\u00e3o de empregos.<\/p>\n\n\n\n<p>Os indicadores tamb\u00e9m revelam que Maca\u00e9 tem um mercado de trabalho mais est\u00e1vel que a m\u00e9dia nacional. O relat\u00f3rio aponta \u00edndice de rotatividade de cerca de 30,7%, menor que o registrado no Estado do Rio (32,1%) e no Brasil (40,7%).<\/p>\n","protected":false},"excerpt":{"rendered":"<p>O Cadastro Geral de Empregados e Desempregados (Caged) divulgou um novo balan\u00e7o que mant\u00e9m Maca\u00e9 com papel de destaque no cen\u00e1rio estadual quando o assunto \u00e9 a gera\u00e7\u00e3o de empregos. Os dados mostram que o munic\u00edpio fechou setembro de 2025 com 529 novas vagas de trabalho formal, alcan\u00e7ando a quarta posi\u00e7\u00e3o entre as cidades do [&hellip;]<\/p>\n","protected":false},"author":2,"featured_media":26333,"comment_status":"open","ping_status":"open","sticky":false,"template":"","format":"standard","meta":{"footnotes":""},"categories":[2979,2],"tags":[98],"class_list":["post-26332","post","type-post","status-publish","format-standard","has-post-thumbnail","hentry","category-destaque-noticia-1","category-macae","tag-macae"],"_links":{"self":[{"href":"https:\/\/blogdodanielgalvao.com.br\/site\/wp-json\/wp\/v2\/posts\/26332","targetHints":{"allow":["GET"]}}],"collection":[{"href":"https:\/\/blogdodanielgalvao.com.br\/site\/wp-json\/wp\/v2\/posts"}],"about":[{"href":"https:\/\/blogdodanielgalvao.com.br\/site\/wp-json\/wp\/v2\/types\/post"}],"author":[{"embeddable":true,"href":"https:\/\/blogdodanielgalvao.com.br\/site\/wp-json\/wp\/v2\/users\/2"}],"replies":[{"embeddable":true,"href":"https:\/\/blogdodanielgalvao.com.br\/site\/wp-json\/wp\/v2\/comments?post=26332"}],"version-history":[{"count":1,"href":"https:\/\/blogdodanielgalvao.com.br\/site\/wp-json\/wp\/v2\/posts\/26332\/revisions"}],"predecessor-version":[{"id":26334,"href":"https:\/\/blogdodanielgalvao.com.br\/site\/wp-json\/wp\/v2\/posts\/26332\/revisions\/26334"}],"wp:featuredmedia":[{"embeddable":true,"href":"https:\/\/blogdodanielgalvao.com.br\/site\/wp-json\/wp\/v2\/media\/26333"}],"wp:attachment":[{"href":"https:\/\/blogdodanielgalvao.com.br\/site\/wp-json\/wp\/v2\/media?parent=26332"}],"wp:term":[{"taxonomy":"category","embeddable":true,"href":"https:\/\/blogdodanielgalvao.com.br\/site\/wp-json\/wp\/v2\/categories?post=26332"},{"taxonomy":"post_tag","embeddable":true,"href":"https:\/\/blogdodanielgalvao.com.br\/site\/wp-json\/wp\/v2\/tags?post=26332"}],"curies":[{"name":"wp","href":"https:\/\/api.w.org\/{rel}","templated":true}]}}