{"id":26329,"date":"2025-11-06T10:24:28","date_gmt":"2025-11-06T13:24:28","guid":{"rendered":"https:\/\/blogdodanielgalvao.com.br\/site\/?p=26329"},"modified":"2025-11-06T10:24:33","modified_gmt":"2025-11-06T13:24:33","slug":"acao-da-123a-dp-de-macae-prende-acusado-de-trafico-e-associacao-para-o-trafico","status":"publish","type":"post","link":"https:\/\/blogdodanielgalvao.com.br\/site\/acao-da-123a-dp-de-macae-prende-acusado-de-trafico-e-associacao-para-o-trafico\/","title":{"rendered":"A\u00e7\u00e3o da 123\u00aa DP de Maca\u00e9 prende acusado de tr\u00e1fico e associa\u00e7\u00e3o para o tr\u00e1fico"},"content":{"rendered":"\n<p>A Pol\u00edcia Civil de Maca\u00e9 prendeu na \u00faltima quarta-feira um homem ligado ao tr\u00e1fico de drogas durante uma a\u00e7\u00e3o na Favela da Linha. A pris\u00e3o contou com a coordena\u00e7\u00e3o dos delegados Dr. Pedro Em\u00edlio e Dr. Victor Azevedo. O acusado foi detido em flagrante.<\/p>\n\n\n\n<p>A opera\u00e7\u00e3o teve in\u00edcio ap\u00f3s os agentes receberam uma den\u00fancia an\u00f4nima informando sobre a atua\u00e7\u00e3o do tr\u00e1fico no local. A den\u00fancia mencionava um homem com bermuda e camisa preta e de bon\u00e9 branco. Ele estaria vendendo drogas nas proximidades da Avenida F\u00e1bio Branco, uma \u00e1rea j\u00e1 conhecida por ser de influ\u00eancia da fac\u00e7\u00e3o criminosa ADA.<\/p>\n\n\n\n<p>Com essas informa\u00e7\u00f5es em m\u00e3os, a pol\u00edcia montou a opera\u00e7\u00e3o e conseguiu localizar um suspeito com as mesmas caracter\u00edsticas. Durante o cerco t\u00e1tico, o homem tentou fugir, mas foi capturado do outro lado da comunidade. Na abordagem, foi encontrada uma sacola com 55 embalagens de coca\u00edna, 6 embalagens de crack e 56 por\u00e7\u00f5es de maconha. Diante dos fatos, o homem foi encaminhado para a 123\u00aa DP, onde foi autuado em flagrante pelos delitos de tr\u00e1fico de drogas e associa\u00e7\u00e3o para o tr\u00e1fico.<\/p>\n","protected":false},"excerpt":{"rendered":"<p>A Pol\u00edcia Civil de Maca\u00e9 prendeu na \u00faltima quarta-feira um homem ligado ao tr\u00e1fico de drogas durante uma a\u00e7\u00e3o na Favela da Linha. A pris\u00e3o contou com a coordena\u00e7\u00e3o dos delegados Dr. Pedro Em\u00edlio e Dr. Victor Azevedo. O acusado foi detido em flagrante. A opera\u00e7\u00e3o teve in\u00edcio ap\u00f3s os agentes receberam uma den\u00fancia an\u00f4nima [&hellip;]<\/p>\n","protected":false},"author":2,"featured_media":26330,"comment_status":"open","ping_status":"open","sticky":false,"template":"","format":"standard","meta":{"footnotes":""},"categories":[1899],"tags":[494],"class_list":["post-26329","post","type-post","status-publish","format-standard","has-post-thumbnail","hentry","category-policia","tag-policia"],"_links":{"self":[{"href":"https:\/\/blogdodanielgalvao.com.br\/site\/wp-json\/wp\/v2\/posts\/26329","targetHints":{"allow":["GET"]}}],"collection":[{"href":"https:\/\/blogdodanielgalvao.com.br\/site\/wp-json\/wp\/v2\/posts"}],"about":[{"href":"https:\/\/blogdodanielgalvao.com.br\/site\/wp-json\/wp\/v2\/types\/post"}],"author":[{"embeddable":true,"href":"https:\/\/blogdodanielgalvao.com.br\/site\/wp-json\/wp\/v2\/users\/2"}],"replies":[{"embeddable":true,"href":"https:\/\/blogdodanielgalvao.com.br\/site\/wp-json\/wp\/v2\/comments?post=26329"}],"version-history":[{"count":1,"href":"https:\/\/blogdodanielgalvao.com.br\/site\/wp-json\/wp\/v2\/posts\/26329\/revisions"}],"predecessor-version":[{"id":26331,"href":"https:\/\/blogdodanielgalvao.com.br\/site\/wp-json\/wp\/v2\/posts\/26329\/revisions\/26331"}],"wp:featuredmedia":[{"embeddable":true,"href":"https:\/\/blogdodanielgalvao.com.br\/site\/wp-json\/wp\/v2\/media\/26330"}],"wp:attachment":[{"href":"https:\/\/blogdodanielgalvao.com.br\/site\/wp-json\/wp\/v2\/media?parent=26329"}],"wp:term":[{"taxonomy":"category","embeddable":true,"href":"https:\/\/blogdodanielgalvao.com.br\/site\/wp-json\/wp\/v2\/categories?post=26329"},{"taxonomy":"post_tag","embeddable":true,"href":"https:\/\/blogdodanielgalvao.com.br\/site\/wp-json\/wp\/v2\/tags?post=26329"}],"curies":[{"name":"wp","href":"https:\/\/api.w.org\/{rel}","templated":true}]}}