{"id":26174,"date":"2025-11-03T19:13:42","date_gmt":"2025-11-03T22:13:42","guid":{"rendered":"https:\/\/blogdodanielgalvao.com.br\/site\/?p=26174"},"modified":"2025-11-03T19:15:08","modified_gmt":"2025-11-03T22:15:08","slug":"provas-do-saeb-2025-acontecem-em-19-escolas-de-rio-das-ostras-nessa-semana","status":"publish","type":"post","link":"https:\/\/blogdodanielgalvao.com.br\/site\/provas-do-saeb-2025-acontecem-em-19-escolas-de-rio-das-ostras-nessa-semana\/","title":{"rendered":"Provas do Saeb 2025 acontecem em 19 escolas de Rio das Ostras nessa semana"},"content":{"rendered":"\n<p>As escolas da rede p\u00fablica municipal de Rio das Ostras deram continuidade, nessa segunda-feira, 3 de novembro, \u00e0 aplica\u00e7\u00e3o das provas do Sistema de Avalia\u00e7\u00e3o da Educa\u00e7\u00e3o B\u00e1sica (Saeb) 2025 para alunos do 5\u00ba ao 9\u00ba ano.<\/p>\n\n\n\n<p>De acordo com o calend\u00e1rio divulgado pela Secretaria de Educa\u00e7\u00e3o, Esporte e Lazer, a aplica\u00e7\u00e3o das provas do Saeb 2025 seguir\u00e1 nessa semana, at\u00e9 quinta-feira, 6, totalizando 19 unidades da rede em diversos bairros e localidades da cidade.<\/p>\n\n\n\n<p>\u201cA Secretaria de Educa\u00e7\u00e3o, Esporte e Lazer ressalta a import\u00e2ncia do engajamento das equipes gestoras das unidades escolares, dos professores e dos alunos para participa\u00e7\u00e3o no teste, que tem o objetivo de medir o n\u00edvel de aprendizagem dos estudantes\u201d, explicou a pasta, nessa segunda.<\/p>\n\n\n\n<p>As provas do Saeb 2025 incluem avalia\u00e7\u00f5es para os alunos e question\u00e1rios para estudantes, professores e gestores, com quest\u00f5es de L\u00edngua Portuguesa e Matem\u00e1tica, que buscam medir habilidades de leitura, escrita e racioc\u00ednio l\u00f3gico, com foco na compreens\u00e3o e na aplica\u00e7\u00e3o pr\u00e1tica do que foi aprendido.<\/p>\n\n\n\n<p>A avalia\u00e7\u00e3o tamb\u00e9m prev\u00ea a realiza\u00e7\u00e3o de provas amostrais, com uma unidade fazendo provas de Ci\u00eancias Humanas e Ci\u00eancias da Natureza, e algumas turmas de 2\u00ba ano da fazendo provas de avalia\u00e7\u00e3o de aprendizagem.<\/p>\n\n\n\n<p>A prefeitura lembra que os resultados do Saeb 2025, somados \u00e0s informa\u00e7\u00f5es do Censo Escolar, formam o \u00cdndice de Desenvolvimento da Educa\u00e7\u00e3o B\u00e1sica (Ideb), um dos principais indicadores da qualidade da educa\u00e7\u00e3o no Brasil.<\/p>\n\n\n\n<p>\u201cPara receber o resultado, todas as escolas precisam ter a participa\u00e7\u00e3o de 80% dos alunos matriculados por turma. Por isso, a participa\u00e7\u00e3o \u00e9 fundamental para garantir investimentos em infraestrutura, forma\u00e7\u00e3o de professores e novos projetos pedag\u00f3gicos\u201d, refor\u00e7ou o munic\u00edpio.<\/p>\n","protected":false},"excerpt":{"rendered":"<p>As escolas da rede p\u00fablica municipal de Rio das Ostras deram continuidade, nessa segunda-feira, 3 de novembro, \u00e0 aplica\u00e7\u00e3o das provas do Sistema de Avalia\u00e7\u00e3o da Educa\u00e7\u00e3o B\u00e1sica (Saeb) 2025 para alunos do 5\u00ba ao 9\u00ba ano. De acordo com o calend\u00e1rio divulgado pela Secretaria de Educa\u00e7\u00e3o, Esporte e Lazer, a aplica\u00e7\u00e3o das provas do [&hellip;]<\/p>\n","protected":false},"author":2,"featured_media":26175,"comment_status":"open","ping_status":"open","sticky":false,"template":"","format":"standard","meta":{"footnotes":""},"categories":[2981,4],"tags":[],"class_list":["post-26174","post","type-post","status-publish","format-standard","has-post-thumbnail","hentry","category-destaque-noticia-3","category-rio-das-ostras"],"_links":{"self":[{"href":"https:\/\/blogdodanielgalvao.com.br\/site\/wp-json\/wp\/v2\/posts\/26174","targetHints":{"allow":["GET"]}}],"collection":[{"href":"https:\/\/blogdodanielgalvao.com.br\/site\/wp-json\/wp\/v2\/posts"}],"about":[{"href":"https:\/\/blogdodanielgalvao.com.br\/site\/wp-json\/wp\/v2\/types\/post"}],"author":[{"embeddable":true,"href":"https:\/\/blogdodanielgalvao.com.br\/site\/wp-json\/wp\/v2\/users\/2"}],"replies":[{"embeddable":true,"href":"https:\/\/blogdodanielgalvao.com.br\/site\/wp-json\/wp\/v2\/comments?post=26174"}],"version-history":[{"count":1,"href":"https:\/\/blogdodanielgalvao.com.br\/site\/wp-json\/wp\/v2\/posts\/26174\/revisions"}],"predecessor-version":[{"id":26176,"href":"https:\/\/blogdodanielgalvao.com.br\/site\/wp-json\/wp\/v2\/posts\/26174\/revisions\/26176"}],"wp:featuredmedia":[{"embeddable":true,"href":"https:\/\/blogdodanielgalvao.com.br\/site\/wp-json\/wp\/v2\/media\/26175"}],"wp:attachment":[{"href":"https:\/\/blogdodanielgalvao.com.br\/site\/wp-json\/wp\/v2\/media?parent=26174"}],"wp:term":[{"taxonomy":"category","embeddable":true,"href":"https:\/\/blogdodanielgalvao.com.br\/site\/wp-json\/wp\/v2\/categories?post=26174"},{"taxonomy":"post_tag","embeddable":true,"href":"https:\/\/blogdodanielgalvao.com.br\/site\/wp-json\/wp\/v2\/tags?post=26174"}],"curies":[{"name":"wp","href":"https:\/\/api.w.org\/{rel}","templated":true}]}}