{"id":26090,"date":"2025-10-31T17:00:09","date_gmt":"2025-10-31T20:00:09","guid":{"rendered":"https:\/\/blogdodanielgalvao.com.br\/site\/?p=26090"},"modified":"2025-10-31T17:00:19","modified_gmt":"2025-10-31T20:00:19","slug":"bairros-de-rio-das-ostras-recebem-acoes-de-melhorias-de-infraestrutura-urbana","status":"publish","type":"post","link":"https:\/\/blogdodanielgalvao.com.br\/site\/bairros-de-rio-das-ostras-recebem-acoes-de-melhorias-de-infraestrutura-urbana\/","title":{"rendered":"Bairros de Rio das Ostras recebem a\u00e7\u00f5es de melhorias de infraestrutura urbana"},"content":{"rendered":"\n<p>Vinculada \u00e0 Secretaria de Manuten\u00e7\u00e3o da Infraestrutura Urbana e Obras P\u00fablicas, a Subsecretaria de Servi\u00e7os P\u00fablicos de Rio das Ostras segue trabalhando em a\u00e7\u00f5es de melhorias, com reformas e revitaliza\u00e7\u00f5es de espa\u00e7os p\u00fablicos da cidade.<\/p>\n\n\n\n<p>Segundo a prefeitura, as interven\u00e7\u00f5es incluem recupera\u00e7\u00e3o e nivelamento de vias, requalifica\u00e7\u00e3o de cal\u00e7adas e passeios p\u00fablicos, al\u00e9m de travessias de pedestres e pontos de embarque e desembarque de transporte p\u00fablico, e recupera\u00e7\u00e3o de muros de conten\u00e7\u00e3o, tamb\u00e9m chamado de muro de gabi\u00e3o.<\/p>\n\n\n\n<p>Nessa semana, as interven\u00e7\u00f5es aconteceram na Enseada das Gaivotas, no trecho ao longo da Rodovia Amaral Peixoto (RJ-106), pr\u00f3ximo ao Centro de Cidadania, em vias da \u00e1rea rural de Cantagalo, e na Boca da Barra.<\/p>\n\n\n\n<p>Durante as a\u00e7\u00f5es em Cantagalo, as equipes de servi\u00e7os p\u00fablicos contaram com apoio de maquin\u00e1rio do governo estadual, que auxiliou no trabalho de nivelamento das ruas, especialmente nas n\u00e3o-asfaltadas, melhorando o tr\u00e1fego e a seguran\u00e7a do local.<\/p>\n\n\n\n<p>J\u00e1 na Boca da Barra, as equipes de servi\u00e7os p\u00fablicos realizaram a recupera\u00e7\u00e3o de um muro de gabi\u00e3o, que s\u00e3o estruturas de malha met\u00e1lica preenchidas com pedras, que servem para estabilizar a margem do rio, controlando o processo de eros\u00e3o.<\/p>\n","protected":false},"excerpt":{"rendered":"<p>Vinculada \u00e0 Secretaria de Manuten\u00e7\u00e3o da Infraestrutura Urbana e Obras P\u00fablicas, a Subsecretaria de Servi\u00e7os P\u00fablicos de Rio das Ostras segue trabalhando em a\u00e7\u00f5es de melhorias, com reformas e revitaliza\u00e7\u00f5es de espa\u00e7os p\u00fablicos da cidade. Segundo a prefeitura, as interven\u00e7\u00f5es incluem recupera\u00e7\u00e3o e nivelamento de vias, requalifica\u00e7\u00e3o de cal\u00e7adas e passeios p\u00fablicos, al\u00e9m de travessias [&hellip;]<\/p>\n","protected":false},"author":2,"featured_media":26091,"comment_status":"open","ping_status":"open","sticky":false,"template":"","format":"standard","meta":{"footnotes":""},"categories":[4],"tags":[3206],"class_list":["post-26090","post","type-post","status-publish","format-standard","has-post-thumbnail","hentry","category-rio-das-ostras","tag-acoes-de-melhorias-urbanas"],"_links":{"self":[{"href":"https:\/\/blogdodanielgalvao.com.br\/site\/wp-json\/wp\/v2\/posts\/26090","targetHints":{"allow":["GET"]}}],"collection":[{"href":"https:\/\/blogdodanielgalvao.com.br\/site\/wp-json\/wp\/v2\/posts"}],"about":[{"href":"https:\/\/blogdodanielgalvao.com.br\/site\/wp-json\/wp\/v2\/types\/post"}],"author":[{"embeddable":true,"href":"https:\/\/blogdodanielgalvao.com.br\/site\/wp-json\/wp\/v2\/users\/2"}],"replies":[{"embeddable":true,"href":"https:\/\/blogdodanielgalvao.com.br\/site\/wp-json\/wp\/v2\/comments?post=26090"}],"version-history":[{"count":1,"href":"https:\/\/blogdodanielgalvao.com.br\/site\/wp-json\/wp\/v2\/posts\/26090\/revisions"}],"predecessor-version":[{"id":26092,"href":"https:\/\/blogdodanielgalvao.com.br\/site\/wp-json\/wp\/v2\/posts\/26090\/revisions\/26092"}],"wp:featuredmedia":[{"embeddable":true,"href":"https:\/\/blogdodanielgalvao.com.br\/site\/wp-json\/wp\/v2\/media\/26091"}],"wp:attachment":[{"href":"https:\/\/blogdodanielgalvao.com.br\/site\/wp-json\/wp\/v2\/media?parent=26090"}],"wp:term":[{"taxonomy":"category","embeddable":true,"href":"https:\/\/blogdodanielgalvao.com.br\/site\/wp-json\/wp\/v2\/categories?post=26090"},{"taxonomy":"post_tag","embeddable":true,"href":"https:\/\/blogdodanielgalvao.com.br\/site\/wp-json\/wp\/v2\/tags?post=26090"}],"curies":[{"name":"wp","href":"https:\/\/api.w.org\/{rel}","templated":true}]}}