{"id":25885,"date":"2025-10-29T11:43:21","date_gmt":"2025-10-29T14:43:21","guid":{"rendered":"https:\/\/blogdodanielgalvao.com.br\/site\/?p=25885"},"modified":"2025-10-29T11:43:26","modified_gmt":"2025-10-29T14:43:26","slug":"ex-vereadora-e-presa-apos-confusao-e-ofensas-racistas-em-agencia-dos-correios-em-campos","status":"publish","type":"post","link":"https:\/\/blogdodanielgalvao.com.br\/site\/ex-vereadora-e-presa-apos-confusao-e-ofensas-racistas-em-agencia-dos-correios-em-campos\/","title":{"rendered":"Ex-vereadora \u00e9 presa ap\u00f3s confus\u00e3o e ofensas racistas em ag\u00eancia dos Correios, em Campos"},"content":{"rendered":"\n<p>Uma ex-vereadora de Campos foi presa na \u00faltima ter\u00e7a-feira (28) acusada de inj\u00faria racial, desobedi\u00eancia e resist\u00eancia. Identificada como Marcele Pata, de 38 anos, a acusada se envolveu uma confus\u00e3o generalizada em uma ag\u00eancia dos Correios na Rua 21 de abril, no Centro de Campos.<\/p>\n\n\n\n<p>Segundo informa\u00e7\u00f5es, o que motivou o in\u00edcio do tumulto foi uma discuss\u00e3o sobre a posi\u00e7\u00e3o na fila. Nesse momento, testemunhas relataram que Marcele teria feito coment\u00e1rios racistas contra uma das envolvidas com as seguintes palavras: \u201cOlha o seu tipinho e sua cor\u201d.<\/p>\n\n\n\n<p>Marcele tamb\u00e9m teria utilizado um spray de pimenta contra outras pessoas na ag\u00eancia, tendo inclusive atingido tamb\u00e9m uma crian\u00e7a de 12 anos. Os relatos apontam que uma das pessoas da ag\u00eancia deu um tapa na m\u00e3o da acusada, fazendo o spray cair ao ch\u00e3o. Marcele ent\u00e3o recuperou o objeto e teria feito novos coment\u00e1rios racistas, como \u201cnegra vagabunda\u201d.<\/p>\n\n\n\n<p>Uma equipe do Seguran\u00e7a Presente foi acionada. Ao ser abordada pelos agentes, Marcele se recusou a entregar o spray e tamb\u00e9m a acompanhar a equipe at\u00e9 a viatura. Sendo assim, os agentes precisaram agir com uso moderado de for\u00e7a para cont\u00ea-la. De acordo com a Pol\u00edcia Civil, a ex-vereadora possui diversos antecedentes criminais, incluindo registros por amea\u00e7a, inj\u00faria, cal\u00fania, vias de fato, constrangimento ilegal e persegui\u00e7\u00e3o.<\/p>\n\n\n\n<p>O caso foi registrado na 134\u00aa DP. Na unidade, Marcele foi autuada em flagrante pelos crimes de inj\u00faria racial, resist\u00eancia e desobedi\u00eancia. Uma das mulheres atingidas pelo spray na confus\u00e3o teve uma rea\u00e7\u00e3o al\u00e9rgica e precisou de atendimento m\u00e9dico. Ela foi encaminhada para o Hospital Ferreira Machado (HFM).<\/p>\n","protected":false},"excerpt":{"rendered":"<p>Uma ex-vereadora de Campos foi presa na \u00faltima ter\u00e7a-feira (28) acusada de inj\u00faria racial, desobedi\u00eancia e resist\u00eancia. Identificada como Marcele Pata, de 38 anos, a acusada se envolveu uma confus\u00e3o generalizada em uma ag\u00eancia dos Correios na Rua 21 de abril, no Centro de Campos. Segundo informa\u00e7\u00f5es, o que motivou o in\u00edcio do tumulto foi [&hellip;]<\/p>\n","protected":false},"author":2,"featured_media":25886,"comment_status":"open","ping_status":"open","sticky":false,"template":"","format":"standard","meta":{"footnotes":""},"categories":[1899],"tags":[3198],"class_list":["post-25885","post","type-post","status-publish","format-standard","has-post-thumbnail","hentry","category-policia","tag-ex-vereadora-e-presa-apos-confusao-e-ofensas-racistas-em-agencia-dos-correios"],"_links":{"self":[{"href":"https:\/\/blogdodanielgalvao.com.br\/site\/wp-json\/wp\/v2\/posts\/25885","targetHints":{"allow":["GET"]}}],"collection":[{"href":"https:\/\/blogdodanielgalvao.com.br\/site\/wp-json\/wp\/v2\/posts"}],"about":[{"href":"https:\/\/blogdodanielgalvao.com.br\/site\/wp-json\/wp\/v2\/types\/post"}],"author":[{"embeddable":true,"href":"https:\/\/blogdodanielgalvao.com.br\/site\/wp-json\/wp\/v2\/users\/2"}],"replies":[{"embeddable":true,"href":"https:\/\/blogdodanielgalvao.com.br\/site\/wp-json\/wp\/v2\/comments?post=25885"}],"version-history":[{"count":1,"href":"https:\/\/blogdodanielgalvao.com.br\/site\/wp-json\/wp\/v2\/posts\/25885\/revisions"}],"predecessor-version":[{"id":25887,"href":"https:\/\/blogdodanielgalvao.com.br\/site\/wp-json\/wp\/v2\/posts\/25885\/revisions\/25887"}],"wp:featuredmedia":[{"embeddable":true,"href":"https:\/\/blogdodanielgalvao.com.br\/site\/wp-json\/wp\/v2\/media\/25886"}],"wp:attachment":[{"href":"https:\/\/blogdodanielgalvao.com.br\/site\/wp-json\/wp\/v2\/media?parent=25885"}],"wp:term":[{"taxonomy":"category","embeddable":true,"href":"https:\/\/blogdodanielgalvao.com.br\/site\/wp-json\/wp\/v2\/categories?post=25885"},{"taxonomy":"post_tag","embeddable":true,"href":"https:\/\/blogdodanielgalvao.com.br\/site\/wp-json\/wp\/v2\/tags?post=25885"}],"curies":[{"name":"wp","href":"https:\/\/api.w.org\/{rel}","templated":true}]}}