{"id":25642,"date":"2025-10-24T11:00:14","date_gmt":"2025-10-24T14:00:14","guid":{"rendered":"https:\/\/blogdodanielgalvao.com.br\/site\/?p=25642"},"modified":"2025-10-24T11:00:32","modified_gmt":"2025-10-24T14:00:32","slug":"sepe-desafia-justica-bloqueia-rodovia-em-rio-das-ostras-e-transforma-greve-em-ato-politico-com-presenca-do-filho-de-marcelino","status":"publish","type":"post","link":"https:\/\/blogdodanielgalvao.com.br\/site\/sepe-desafia-justica-bloqueia-rodovia-em-rio-das-ostras-e-transforma-greve-em-ato-politico-com-presenca-do-filho-de-marcelino\/","title":{"rendered":"Sepe desafia Justi\u00e7a, bloqueia rodovia em Rio das Ostras e transforma greve em ato pol\u00edtico com presen\u00e7a do filho de Marcelino"},"content":{"rendered":"\n<p>Mesmo ap\u00f3s decis\u00e3o judicial que declarou a greve ilegal e determinou o retorno imediato \u00e0s aulas, integrantes do Sindicato Estadual dos Profissionais da Educa\u00e7\u00e3o (Sepe) foram \u00e0s ruas de Rio das Ostras ontem, 23, e bloquearam a rodovia Amaral Peixoto, principal via da cidade causando um gigantesco engarrafamento e gerando indigna\u00e7\u00e3o . O ato, que contou com a presen\u00e7a de militantes de partidos como PSOL, PSTU e PCO, e do filho do ex-prefeito, Marcelino (PV), foi marcado por bandeiras partid\u00e1rias, palavras de ordem e longos congestionamentos nos dois sentidos da pista.<\/p>\n\n\n\n<p>O movimento, segundo os organizadores, buscava chamar aten\u00e7\u00e3o para o pedido de reajuste salarial dos profissionais da educa\u00e7\u00e3o. J\u00e1 para muitos motoristas e moradores, a manifesta\u00e7\u00e3o extrapolou o limite da reivindica\u00e7\u00e3o leg\u00edtima e se transformou em uma a\u00e7\u00e3o de cunho pol\u00edtico, causando transtornos e irrita\u00e7\u00e3o entre quem ficou preso no tr\u00e2nsito.<\/p>\n\n\n\n<p>A Prefeitura criticou o bloqueio, classificando a atitude como \u201cirrespons\u00e1vel\u201d diante da decis\u00e3o judicial em vigor. Isso porque, nesta quinta-feira o desembargador Ricardo Couto de Castro, presidente do \u00d3rg\u00e3o Especial do Tribunal de Justi\u00e7a do Rio de Janeiro (TJRJ), considerou que o Sepe descumpriu requisitos da Lei n\u00ba 7.783\/89, como a comprova\u00e7\u00e3o de assembleia e a tentativa de negocia\u00e7\u00e3o pr\u00e9via com o munic\u00edpio.<\/p>\n\n\n\n<p>Na decis\u00e3o, o magistrado ressaltou que a educa\u00e7\u00e3o \u00e9 um servi\u00e7o essencial e que a paralisa\u00e7\u00e3o compromete o direito constitucional \u00e0 aprendizagem. Ele tamb\u00e9m fixou multa di\u00e1ria de R$ 500 mil ao sindicato e de R$ 5 mil a seus diretores em caso de descumprimento, al\u00e9m de autorizar o desconto dos dias parados.<\/p>\n\n\n\n<p>Uma audi\u00eancia de concilia\u00e7\u00e3o est\u00e1 marcada para o dia 30 de outubro. Nela, o Sepe dever\u00e1 apresentar documentos que comprovem a legalidade da greve e tentar evitar novas penalidades. At\u00e9 l\u00e1, o impasse segue no centro das discuss\u00f5es locais \u2014 agora dividido entre o campo jur\u00eddico, o pol\u00edtico e o das ruas.<\/p>\n\n\n\n<figure class=\"wp-block-gallery has-nested-images columns-default is-cropped wp-block-gallery-1 is-layout-flex wp-block-gallery-is-layout-flex\">\n<figure class=\"wp-block-image size-large\"><img loading=\"lazy\" decoding=\"async\" width=\"1024\" height=\"621\" data-id=\"25643\" src=\"https:\/\/blogdodanielgalvao.com.br\/site\/wp-content\/uploads\/2025\/10\/b964712f-1cc2-4c07-8024-6068f25a15a4-1024x621.jpeg\" alt=\"\" class=\"wp-image-25643\" srcset=\"https:\/\/blogdodanielgalvao.com.br\/site\/wp-content\/uploads\/2025\/10\/b964712f-1cc2-4c07-8024-6068f25a15a4-1024x621.jpeg 1024w, https:\/\/blogdodanielgalvao.com.br\/site\/wp-content\/uploads\/2025\/10\/b964712f-1cc2-4c07-8024-6068f25a15a4-300x182.jpeg 300w, https:\/\/blogdodanielgalvao.com.br\/site\/wp-content\/uploads\/2025\/10\/b964712f-1cc2-4c07-8024-6068f25a15a4-768x465.jpeg 768w, https:\/\/blogdodanielgalvao.com.br\/site\/wp-content\/uploads\/2025\/10\/b964712f-1cc2-4c07-8024-6068f25a15a4.jpeg 1084w\" sizes=\"auto, (max-width: 1024px) 100vw, 1024px\" \/><\/figure>\n<\/figure>\n","protected":false},"excerpt":{"rendered":"<p>Mesmo ap\u00f3s decis\u00e3o judicial que declarou a greve ilegal e determinou o retorno imediato \u00e0s aulas, integrantes do Sindicato Estadual dos Profissionais da Educa\u00e7\u00e3o (Sepe) foram \u00e0s ruas de Rio das Ostras ontem, 23, e bloquearam a rodovia Amaral Peixoto, principal via da cidade causando um gigantesco engarrafamento e gerando indigna\u00e7\u00e3o . O ato, que [&hellip;]<\/p>\n","protected":false},"author":2,"featured_media":25644,"comment_status":"open","ping_status":"open","sticky":false,"template":"","format":"standard","meta":{"footnotes":""},"categories":[2978,4],"tags":[3191],"class_list":["post-25642","post","type-post","status-publish","format-standard","has-post-thumbnail","hentry","category-destaques-topo","category-rio-das-ostras","tag-greve-em-rio-das-ostras"],"_links":{"self":[{"href":"https:\/\/blogdodanielgalvao.com.br\/site\/wp-json\/wp\/v2\/posts\/25642","targetHints":{"allow":["GET"]}}],"collection":[{"href":"https:\/\/blogdodanielgalvao.com.br\/site\/wp-json\/wp\/v2\/posts"}],"about":[{"href":"https:\/\/blogdodanielgalvao.com.br\/site\/wp-json\/wp\/v2\/types\/post"}],"author":[{"embeddable":true,"href":"https:\/\/blogdodanielgalvao.com.br\/site\/wp-json\/wp\/v2\/users\/2"}],"replies":[{"embeddable":true,"href":"https:\/\/blogdodanielgalvao.com.br\/site\/wp-json\/wp\/v2\/comments?post=25642"}],"version-history":[{"count":1,"href":"https:\/\/blogdodanielgalvao.com.br\/site\/wp-json\/wp\/v2\/posts\/25642\/revisions"}],"predecessor-version":[{"id":25645,"href":"https:\/\/blogdodanielgalvao.com.br\/site\/wp-json\/wp\/v2\/posts\/25642\/revisions\/25645"}],"wp:featuredmedia":[{"embeddable":true,"href":"https:\/\/blogdodanielgalvao.com.br\/site\/wp-json\/wp\/v2\/media\/25644"}],"wp:attachment":[{"href":"https:\/\/blogdodanielgalvao.com.br\/site\/wp-json\/wp\/v2\/media?parent=25642"}],"wp:term":[{"taxonomy":"category","embeddable":true,"href":"https:\/\/blogdodanielgalvao.com.br\/site\/wp-json\/wp\/v2\/categories?post=25642"},{"taxonomy":"post_tag","embeddable":true,"href":"https:\/\/blogdodanielgalvao.com.br\/site\/wp-json\/wp\/v2\/tags?post=25642"}],"curies":[{"name":"wp","href":"https:\/\/api.w.org\/{rel}","templated":true}]}}