{"id":25638,"date":"2025-10-24T09:52:00","date_gmt":"2025-10-24T12:52:00","guid":{"rendered":"https:\/\/blogdodanielgalvao.com.br\/site\/?p=25638"},"modified":"2025-10-24T09:52:07","modified_gmt":"2025-10-24T12:52:07","slug":"policiais-do-32o-bpm-prendem-mais-um-por-trafico-em-rua-de-rio-das-ostras","status":"publish","type":"post","link":"https:\/\/blogdodanielgalvao.com.br\/site\/policiais-do-32o-bpm-prendem-mais-um-por-trafico-em-rua-de-rio-das-ostras\/","title":{"rendered":"Policiais do 32\u00ba BPM prendem mais um por tr\u00e1fico em rua de Rio das Ostras"},"content":{"rendered":"\n<p>Mais um homem foi preso nessa semana na Rua Santa Catarina, na altura do bairro Cidade Praiana, em Rio das Ostras, por envolvimento com o tr\u00e1fico de drogas, ap\u00f3s a\u00e7\u00e3o de policiais do 32\u00ba Batalh\u00e3o da Pol\u00edcia Militar (32\u00ba BPM).<\/p>\n\n\n\n<p>De acordo com a PM, os agentes seguiam informa\u00e7\u00f5es de uma den\u00fancia an\u00f4nima sobre um homem vendendo drogas na localidade, quando encontraram o suspeito, que carregava coca\u00edna e buchas de maconha, em quantidades n\u00e3o divulgadas.<\/p>\n\n\n\n<p>Com ele, os policiais do Grupamento de A\u00e7\u00f5es T\u00e1ticas (GAT) encontraram ainda 25 reais em dinheiro e 1 telefone celular, e durante uma busca nas proximidades, acharam mais uma sacola com coca\u00edna e buchas de maconha.<\/p>\n\n\n\n<p>Segundo imagens divulgadas pela PM, as drogas estavam todas embaladas e com etiquetas de pre\u00e7o, confirmando as informa\u00e7\u00f5es da den\u00fancia sobre a atua\u00e7\u00e3o do homem, que n\u00e3o teve a identidade divulgada, junto ao tr\u00e1fico.<\/p>\n\n\n\n<p>O criminoso foi levado, juntamente com todo o material apreendido, para a 128\u00aa Delegacia de Pol\u00edcia Civil (128\u00aa DP), de Rio das Ostras, onde foi preso e vai responder pelo crime de tr\u00e1fico de drogas, cuja pena pode chegar a 15 anos de pris\u00e3o.<\/p>\n\n\n\n<p>Esse foi o 5\u00ba homem preso por envolvimento com o tr\u00e1fico de drogas em menos de uma semana na Rua Santa Catarina, que tem 2,7 quil\u00f4metros (km) de extens\u00e3o e passa por 3 bairros de Rio das Ostras, Cidade Beira Mar, Cidade Praiana e Palmital.<\/p>\n","protected":false},"excerpt":{"rendered":"<p>Mais um homem foi preso nessa semana na Rua Santa Catarina, na altura do bairro Cidade Praiana, em Rio das Ostras, por envolvimento com o tr\u00e1fico de drogas, ap\u00f3s a\u00e7\u00e3o de policiais do 32\u00ba Batalh\u00e3o da Pol\u00edcia Militar (32\u00ba BPM). De acordo com a PM, os agentes seguiam informa\u00e7\u00f5es de uma den\u00fancia an\u00f4nima sobre um [&hellip;]<\/p>\n","protected":false},"author":2,"featured_media":25639,"comment_status":"open","ping_status":"open","sticky":false,"template":"","format":"standard","meta":{"footnotes":""},"categories":[1899],"tags":[494],"class_list":["post-25638","post","type-post","status-publish","format-standard","has-post-thumbnail","hentry","category-policia","tag-policia"],"_links":{"self":[{"href":"https:\/\/blogdodanielgalvao.com.br\/site\/wp-json\/wp\/v2\/posts\/25638","targetHints":{"allow":["GET"]}}],"collection":[{"href":"https:\/\/blogdodanielgalvao.com.br\/site\/wp-json\/wp\/v2\/posts"}],"about":[{"href":"https:\/\/blogdodanielgalvao.com.br\/site\/wp-json\/wp\/v2\/types\/post"}],"author":[{"embeddable":true,"href":"https:\/\/blogdodanielgalvao.com.br\/site\/wp-json\/wp\/v2\/users\/2"}],"replies":[{"embeddable":true,"href":"https:\/\/blogdodanielgalvao.com.br\/site\/wp-json\/wp\/v2\/comments?post=25638"}],"version-history":[{"count":1,"href":"https:\/\/blogdodanielgalvao.com.br\/site\/wp-json\/wp\/v2\/posts\/25638\/revisions"}],"predecessor-version":[{"id":25640,"href":"https:\/\/blogdodanielgalvao.com.br\/site\/wp-json\/wp\/v2\/posts\/25638\/revisions\/25640"}],"wp:featuredmedia":[{"embeddable":true,"href":"https:\/\/blogdodanielgalvao.com.br\/site\/wp-json\/wp\/v2\/media\/25639"}],"wp:attachment":[{"href":"https:\/\/blogdodanielgalvao.com.br\/site\/wp-json\/wp\/v2\/media?parent=25638"}],"wp:term":[{"taxonomy":"category","embeddable":true,"href":"https:\/\/blogdodanielgalvao.com.br\/site\/wp-json\/wp\/v2\/categories?post=25638"},{"taxonomy":"post_tag","embeddable":true,"href":"https:\/\/blogdodanielgalvao.com.br\/site\/wp-json\/wp\/v2\/tags?post=25638"}],"curies":[{"name":"wp","href":"https:\/\/api.w.org\/{rel}","templated":true}]}}