{"id":25594,"date":"2025-10-23T14:13:18","date_gmt":"2025-10-23T17:13:18","guid":{"rendered":"https:\/\/blogdodanielgalvao.com.br\/site\/?p=25594"},"modified":"2025-10-23T14:13:22","modified_gmt":"2025-10-23T17:13:22","slug":"denuncias-ajudam-a-combater-crimes-ambientais-e-ocupacoes-irregulares-em-cabo-frio","status":"publish","type":"post","link":"https:\/\/blogdodanielgalvao.com.br\/site\/denuncias-ajudam-a-combater-crimes-ambientais-e-ocupacoes-irregulares-em-cabo-frio\/","title":{"rendered":"Den\u00fancias ajudam a combater crimes ambientais e ocupa\u00e7\u00f5es irregulares em Cabo Frio"},"content":{"rendered":"\n<p>A Guarda Civil Municipal de Cabo Frio, por meio do Grupamento da Guarda Mar\u00edtima e Ambiental, desativou na tarde desta quarta-feira (22) um acampamento irregular montado nas proximidades da esta\u00e7\u00e3o de tratamento da concession\u00e1ria de \u00e1gua, no bairro Palmeiras.<\/p>\n\n\n\n<p>Durante a a\u00e7\u00e3o, os agentes encontraram colch\u00f5es, t\u00e1buas de madeira, garrafas pl\u00e1sticas, len\u00e7\u00f3is e dois carrinhos de supermercado. Todo o material foi recolhido, e o respons\u00e1vel foi orientado a deixar a \u00e1rea, que \u00e9 considerada de prote\u00e7\u00e3o ambiental.<\/p>\n\n\n\n<p>No momento da abordagem, o homem tentou fugir, mas foi alcan\u00e7ado e conduzido \u00e0 126\u00aa Delegacia de Pol\u00edcia. Na unidade, ele foi autuado por desobedi\u00eancia, e a equipe policial verificou que j\u00e1 havia registros criminais anteriores em seu nome.<\/p>\n\n\n\n<p>A opera\u00e7\u00e3o integra as a\u00e7\u00f5es permanentes de fiscaliza\u00e7\u00e3o e preserva\u00e7\u00e3o conduzidas pela Guarda Civil Municipal em parceria com \u00f3rg\u00e3os ambientais.<\/p>\n\n\n\n<p>A corpora\u00e7\u00e3o refor\u00e7a que qualquer cidad\u00e3o pode colaborar com den\u00fancias de invas\u00f5es, acampamentos irregulares ou danos ambientais. Os canais de contato s\u00e3o o telefone 153 e o Canal de Den\u00fancias da Guarda Civil, que garantem resposta r\u00e1pida e sigilo&nbsp;ao&nbsp;denunciante.&nbsp;&nbsp;&nbsp;<\/p>\n","protected":false},"excerpt":{"rendered":"<p>A Guarda Civil Municipal de Cabo Frio, por meio do Grupamento da Guarda Mar\u00edtima e Ambiental, desativou na tarde desta quarta-feira (22) um acampamento irregular montado nas proximidades da esta\u00e7\u00e3o de tratamento da concession\u00e1ria de \u00e1gua, no bairro Palmeiras. Durante a a\u00e7\u00e3o, os agentes encontraram colch\u00f5es, t\u00e1buas de madeira, garrafas pl\u00e1sticas, len\u00e7\u00f3is e dois carrinhos [&hellip;]<\/p>\n","protected":false},"author":2,"featured_media":25595,"comment_status":"open","ping_status":"open","sticky":false,"template":"","format":"standard","meta":{"footnotes":""},"categories":[340,2981],"tags":[],"class_list":["post-25594","post","type-post","status-publish","format-standard","has-post-thumbnail","hentry","category-cabo-frio","category-destaque-noticia-3"],"_links":{"self":[{"href":"https:\/\/blogdodanielgalvao.com.br\/site\/wp-json\/wp\/v2\/posts\/25594","targetHints":{"allow":["GET"]}}],"collection":[{"href":"https:\/\/blogdodanielgalvao.com.br\/site\/wp-json\/wp\/v2\/posts"}],"about":[{"href":"https:\/\/blogdodanielgalvao.com.br\/site\/wp-json\/wp\/v2\/types\/post"}],"author":[{"embeddable":true,"href":"https:\/\/blogdodanielgalvao.com.br\/site\/wp-json\/wp\/v2\/users\/2"}],"replies":[{"embeddable":true,"href":"https:\/\/blogdodanielgalvao.com.br\/site\/wp-json\/wp\/v2\/comments?post=25594"}],"version-history":[{"count":1,"href":"https:\/\/blogdodanielgalvao.com.br\/site\/wp-json\/wp\/v2\/posts\/25594\/revisions"}],"predecessor-version":[{"id":25596,"href":"https:\/\/blogdodanielgalvao.com.br\/site\/wp-json\/wp\/v2\/posts\/25594\/revisions\/25596"}],"wp:featuredmedia":[{"embeddable":true,"href":"https:\/\/blogdodanielgalvao.com.br\/site\/wp-json\/wp\/v2\/media\/25595"}],"wp:attachment":[{"href":"https:\/\/blogdodanielgalvao.com.br\/site\/wp-json\/wp\/v2\/media?parent=25594"}],"wp:term":[{"taxonomy":"category","embeddable":true,"href":"https:\/\/blogdodanielgalvao.com.br\/site\/wp-json\/wp\/v2\/categories?post=25594"},{"taxonomy":"post_tag","embeddable":true,"href":"https:\/\/blogdodanielgalvao.com.br\/site\/wp-json\/wp\/v2\/tags?post=25594"}],"curies":[{"name":"wp","href":"https:\/\/api.w.org\/{rel}","templated":true}]}}