{"id":25591,"date":"2025-10-23T14:09:55","date_gmt":"2025-10-23T17:09:55","guid":{"rendered":"https:\/\/blogdodanielgalvao.com.br\/site\/?p=25591"},"modified":"2025-10-23T14:09:59","modified_gmt":"2025-10-23T17:09:59","slug":"cabo-frio-fortalece-acoes-preventivas-com-workshop-sobre-geologia-e-riscos-naturais","status":"publish","type":"post","link":"https:\/\/blogdodanielgalvao.com.br\/site\/cabo-frio-fortalece-acoes-preventivas-com-workshop-sobre-geologia-e-riscos-naturais\/","title":{"rendered":"Cabo Frio fortalece a\u00e7\u00f5es preventivas com workshop sobre geologia e riscos naturais"},"content":{"rendered":"\n<p>A Prefeitura de Cabo Frio recebeu, nesta quarta-feira (22), o Workshop Regional de No\u00e7\u00f5es de Geologia e Processos Gravitacionais de Massa, com foco em riscos geol\u00f3gicos e escorregamentos de solo. A atividade reuniu equipes das Defesas Civis municipais da Baixada Litor\u00e2nea e demais \u00f3rg\u00e3os t\u00e9cnicos.<\/p>\n\n\n\n<p>Al\u00e9m dos agentes de Defesa Civil, participaram do encontro profissionais das \u00e1reas de geologia, engenharia e representantes das Secretarias de Meio Ambiente, Clima e Saneamento e da Cidade de Cabo Frio. O evento foi promovido pelo Departamento de Recursos Minerais (DRM) do Governo do Estado do Rio de Janeiro.<\/p>\n\n\n\n<p>Durante o workshop, foram abordados temas como forma\u00e7\u00e3o e comportamento do solo, processos erosivos, movimentos de massa, intemperismo e outras din\u00e2micas geol\u00f3gicas que influenciam diretamente a seguran\u00e7a das \u00e1reas urbanas.<\/p>\n\n\n\n<p>Para o coordenador geral de Defesa Civil de Cabo Frio, Marcus Doth\u00e1vio, promover encontros como esse \u00e9 essencial para o fortalecimento da preven\u00e7\u00e3o e da gest\u00e3o de riscos. Segundo ele, o dom\u00ednio t\u00e9cnico \u00e9 o ponto de partida para salvar vidas e planejar o crescimento urbano de forma segura.<\/p>\n\n\n\n<p>\u201cSediar este workshop refor\u00e7a nosso compromisso com a preven\u00e7\u00e3o. O conhecimento cient\u00edfico \u00e9 o primeiro passo para proteger vidas e garantir o desenvolvimento seguro do munic\u00edpio e da regi\u00e3o. Entender a geologia do nosso territ\u00f3rio \u00e9 fundamental para mapear riscos e agir de forma eficiente, principalmente diante dos eventos clim\u00e1ticos extremos\u201d, destacou Doth\u00e1vio.&nbsp;&nbsp;&nbsp;&nbsp;&nbsp;<\/p>\n\n\n\n<p>Fotos: Mari&nbsp;Ricci&nbsp;\/&nbsp;Cogecom&nbsp;&nbsp;&nbsp;&nbsp;&nbsp;<\/p>\n","protected":false},"excerpt":{"rendered":"<p>A Prefeitura de Cabo Frio recebeu, nesta quarta-feira (22), o Workshop Regional de No\u00e7\u00f5es de Geologia e Processos Gravitacionais de Massa, com foco em riscos geol\u00f3gicos e escorregamentos de solo. A atividade reuniu equipes das Defesas Civis municipais da Baixada Litor\u00e2nea e demais \u00f3rg\u00e3os t\u00e9cnicos. Al\u00e9m dos agentes de Defesa Civil, participaram do encontro profissionais [&hellip;]<\/p>\n","protected":false},"author":2,"featured_media":25592,"comment_status":"open","ping_status":"open","sticky":false,"template":"","format":"standard","meta":{"footnotes":""},"categories":[340],"tags":[],"class_list":["post-25591","post","type-post","status-publish","format-standard","has-post-thumbnail","hentry","category-cabo-frio"],"_links":{"self":[{"href":"https:\/\/blogdodanielgalvao.com.br\/site\/wp-json\/wp\/v2\/posts\/25591","targetHints":{"allow":["GET"]}}],"collection":[{"href":"https:\/\/blogdodanielgalvao.com.br\/site\/wp-json\/wp\/v2\/posts"}],"about":[{"href":"https:\/\/blogdodanielgalvao.com.br\/site\/wp-json\/wp\/v2\/types\/post"}],"author":[{"embeddable":true,"href":"https:\/\/blogdodanielgalvao.com.br\/site\/wp-json\/wp\/v2\/users\/2"}],"replies":[{"embeddable":true,"href":"https:\/\/blogdodanielgalvao.com.br\/site\/wp-json\/wp\/v2\/comments?post=25591"}],"version-history":[{"count":1,"href":"https:\/\/blogdodanielgalvao.com.br\/site\/wp-json\/wp\/v2\/posts\/25591\/revisions"}],"predecessor-version":[{"id":25593,"href":"https:\/\/blogdodanielgalvao.com.br\/site\/wp-json\/wp\/v2\/posts\/25591\/revisions\/25593"}],"wp:featuredmedia":[{"embeddable":true,"href":"https:\/\/blogdodanielgalvao.com.br\/site\/wp-json\/wp\/v2\/media\/25592"}],"wp:attachment":[{"href":"https:\/\/blogdodanielgalvao.com.br\/site\/wp-json\/wp\/v2\/media?parent=25591"}],"wp:term":[{"taxonomy":"category","embeddable":true,"href":"https:\/\/blogdodanielgalvao.com.br\/site\/wp-json\/wp\/v2\/categories?post=25591"},{"taxonomy":"post_tag","embeddable":true,"href":"https:\/\/blogdodanielgalvao.com.br\/site\/wp-json\/wp\/v2\/tags?post=25591"}],"curies":[{"name":"wp","href":"https:\/\/api.w.org\/{rel}","templated":true}]}}