{"id":25588,"date":"2025-10-23T14:04:54","date_gmt":"2025-10-23T17:04:54","guid":{"rendered":"https:\/\/blogdodanielgalvao.com.br\/site\/?p=25588"},"modified":"2025-10-23T14:04:59","modified_gmt":"2025-10-23T17:04:59","slug":"cabo-frio-sedia-oficina-de-regeneracao-do-geoparque-costoes-e-lagunas","status":"publish","type":"post","link":"https:\/\/blogdodanielgalvao.com.br\/site\/cabo-frio-sedia-oficina-de-regeneracao-do-geoparque-costoes-e-lagunas\/","title":{"rendered":"Cabo Frio sedia oficina de regenera\u00e7\u00e3o do Geoparque Cost\u00f5es e Lagunas"},"content":{"rendered":"\n<p>A cidade de Cabo Frio ser\u00e1 palco, nesta sexta-feira (24), de mais uma etapa do projeto Geoparque Aspirante Cost\u00f5es e Lagunas, com a realiza\u00e7\u00e3o da Oficina de Desenvolvimento Regenerativo, organizada pela Secretaria Municipal de Turismo. O encontro acontece das 9h \u00e0s 16h, na sede do Projeto Albatroz, e ainda conta com inscri\u00e7\u00f5es abertas ao p\u00fablico.<\/p>\n\n\n\n<p>A proposta \u00e9 promover um espa\u00e7o de viv\u00eancia, aprendizado e integra\u00e7\u00e3o entre pessoas e natureza, incentivando a percep\u00e7\u00e3o coletiva sobre os potenciais e desafios de cada territ\u00f3rio envolvido. O evento \u00e9 gratuito e voltado para moradores de Cabo Frio, Arraial do Cabo, Arma\u00e7\u00e3o dos B\u00fazios, S\u00e3o Pedro da Aldeia, Iguaba Grande e Casimiro de Abreu.<\/p>\n\n\n\n<p>Durante a manh\u00e3, os participantes ser\u00e3o convidados a ampliar a sensibilidade e o olhar sobre o meio ambiente por meio de pr\u00e1ticas sensoriais e din\u00e2micas de grupo. J\u00e1 \u00e0 tarde, o foco ser\u00e1 a constru\u00e7\u00e3o do mapa afetivo e de a\u00e7\u00f5es regenerativas \u2014 uma etapa essencial para fortalecer a autenticidade cultural e ambiental da regi\u00e3o.<\/p>\n\n\n\n<p>Ao final, o grupo compartilha saberes e sabores locais em um lanche coletivo, com pratos t\u00edpicos e mem\u00f3rias afetivas das cidades participantes. Cada pessoa deve levar um objeto simb\u00f3lico, material impresso ou fotografia que represente a identidade do seu territ\u00f3rio.<\/p>\n\n\n\n<p>De acordo com a organiza\u00e7\u00e3o, cada oficina reflete a ess\u00eancia do munic\u00edpio onde \u00e9 realizada, criando uma rede de trocas, regenera\u00e7\u00e3o e pertencimento em todo o territ\u00f3rio do Geoparque Cost\u00f5es e Lagunas.<\/p>\n\n\n\n<p>A a\u00e7\u00e3o \u00e9 uma iniciativa do Geoparque Aspirante Cost\u00f5es e Lagunas, com apoio do Projeto Albatroz e do Paradiso Per\u00f3 Praia Hotel, e coordena\u00e7\u00e3o da Secretaria de Turismo&nbsp;de&nbsp;Cabo&nbsp;Frio.&nbsp;&nbsp;&nbsp;&nbsp;&nbsp;&nbsp;<\/p>\n","protected":false},"excerpt":{"rendered":"<p>A cidade de Cabo Frio ser\u00e1 palco, nesta sexta-feira (24), de mais uma etapa do projeto Geoparque Aspirante Cost\u00f5es e Lagunas, com a realiza\u00e7\u00e3o da Oficina de Desenvolvimento Regenerativo, organizada pela Secretaria Municipal de Turismo. O encontro acontece das 9h \u00e0s 16h, na sede do Projeto Albatroz, e ainda conta com inscri\u00e7\u00f5es abertas ao p\u00fablico. [&hellip;]<\/p>\n","protected":false},"author":2,"featured_media":25589,"comment_status":"open","ping_status":"open","sticky":false,"template":"","format":"standard","meta":{"footnotes":""},"categories":[2978,2220],"tags":[],"class_list":["post-25588","post","type-post","status-publish","format-standard","has-post-thumbnail","hentry","category-destaques-topo","category-regiao-dos-lagos"],"_links":{"self":[{"href":"https:\/\/blogdodanielgalvao.com.br\/site\/wp-json\/wp\/v2\/posts\/25588","targetHints":{"allow":["GET"]}}],"collection":[{"href":"https:\/\/blogdodanielgalvao.com.br\/site\/wp-json\/wp\/v2\/posts"}],"about":[{"href":"https:\/\/blogdodanielgalvao.com.br\/site\/wp-json\/wp\/v2\/types\/post"}],"author":[{"embeddable":true,"href":"https:\/\/blogdodanielgalvao.com.br\/site\/wp-json\/wp\/v2\/users\/2"}],"replies":[{"embeddable":true,"href":"https:\/\/blogdodanielgalvao.com.br\/site\/wp-json\/wp\/v2\/comments?post=25588"}],"version-history":[{"count":1,"href":"https:\/\/blogdodanielgalvao.com.br\/site\/wp-json\/wp\/v2\/posts\/25588\/revisions"}],"predecessor-version":[{"id":25590,"href":"https:\/\/blogdodanielgalvao.com.br\/site\/wp-json\/wp\/v2\/posts\/25588\/revisions\/25590"}],"wp:featuredmedia":[{"embeddable":true,"href":"https:\/\/blogdodanielgalvao.com.br\/site\/wp-json\/wp\/v2\/media\/25589"}],"wp:attachment":[{"href":"https:\/\/blogdodanielgalvao.com.br\/site\/wp-json\/wp\/v2\/media?parent=25588"}],"wp:term":[{"taxonomy":"category","embeddable":true,"href":"https:\/\/blogdodanielgalvao.com.br\/site\/wp-json\/wp\/v2\/categories?post=25588"},{"taxonomy":"post_tag","embeddable":true,"href":"https:\/\/blogdodanielgalvao.com.br\/site\/wp-json\/wp\/v2\/tags?post=25588"}],"curies":[{"name":"wp","href":"https:\/\/api.w.org\/{rel}","templated":true}]}}