{"id":25250,"date":"2025-10-16T18:09:02","date_gmt":"2025-10-16T21:09:02","guid":{"rendered":"https:\/\/blogdodanielgalvao.com.br\/site\/?p=25250"},"modified":"2025-10-16T18:09:06","modified_gmt":"2025-10-16T21:09:06","slug":"solenidade-marca-entrega-da-carteira-nacional-do-artesao-em-rio-das-ostras","status":"publish","type":"post","link":"https:\/\/blogdodanielgalvao.com.br\/site\/solenidade-marca-entrega-da-carteira-nacional-do-artesao-em-rio-das-ostras\/","title":{"rendered":"Solenidade marca entrega da Carteira Nacional do Artes\u00e3o em Rio das Ostras"},"content":{"rendered":"\n<p>A Biblioteca Municipal \u00cdris Galv\u00e3o, em Rio das Ostras, foi palco, nessa quarta-feira, 15, de uma solenidade em parceria com a Secretaria Estadual de Turismo, para a entrega da Carteira Nacional do Artes\u00e3o (CNA) para 105 profissionais da cidade.<\/p>\n\n\n\n<p>O evento contou com a presen\u00e7a do secret\u00e1rio estadual de Turismo, Gustavo Tutuca (PP), al\u00e9m da primeira-dama e secret\u00e1ria de Gest\u00e3o P\u00fablica, M\u00e1rcia Almeida, do secret\u00e1rio de Desenvolvimento Econ\u00f4mico e Turismo, Rodrigo Peleteiro (DC), e da presidente da Funda\u00e7\u00e3o Rio das Ostras de Cultura (Froc), Rosemarie Teixeira.<\/p>\n\n\n\n<p>A entrega das Carteiras garante aos profissionais a inclus\u00e3o no Programa do Artesanato Brasileiro (PAB), do governo federal, al\u00e9m de acesso a diversos benef\u00edcios e pol\u00edticas p\u00fablicas voltadas para o setor.<\/p>\n\n\n\n<p>Para a primeira-dama e secret\u00e1ria de Gest\u00e3o P\u00fablica, a atua\u00e7\u00e3o conjunta&nbsp;de diferentes pastas municipais refor\u00e7a o compromisso do governo com a\u00e7\u00f5es integradas em favor do setor do artesanato, unindo cultura e economia.<\/p>\n\n\n\n<p>\u201cNingu\u00e9m consegue trabalhar sozinho e essa jun\u00e7\u00e3o de esfor\u00e7os permite desenvolver pol\u00edticas p\u00fablicas voltadas para o cidad\u00e3o. A valoriza\u00e7\u00e3o do artesanato tem possibilitado a gera\u00e7\u00e3o de renda e a profissionaliza\u00e7\u00e3o de muitos mun\u00edcipes\u201d, afirmou M\u00e1rcia Almeida.<\/p>\n\n\n\n<p>Ao agradecer o apoio do Estado ao artesanato, a presidente da Froc lembrou que a mentoria art\u00edstica realizada pela entidade tem permitido que os produtos artesanais de Rio das Ostras tenham identidade cultural.<\/p>\n\n\n\n<p>Segundo o secret\u00e1rio estadual de Turismo, a parceria com o coordenador do Programa de Artesanato do Estado do Rio de Janeiro, Marcel Vasconcelos, o Cecel, presente na solenidade, ampliou o&nbsp;n\u00famero de artes\u00e3os registrados nos munic\u00edpios fluminenses, que saltou de 9 mil para 25 mil, um crescimento de mais de 177% desde 2020.<\/p>\n\n\n\n<p>O secret\u00e1rio estadual lembrou ainda do lan\u00e7amento do Expo Rio Turismo, em 2022, durante sua gest\u00e3o no comando da pasta, e que contou com um representativo grupo de artes\u00e3os de Rio das Ostras na edi\u00e7\u00e3o de 2025, realizada em junho, no Complexo Lagoon, no Rio.<\/p>\n\n\n\n<p>\u201cAchei muito significativo&nbsp;realizar essa solenidade de hoje na Biblioteca Municipal, o que mostra que o Turismo e a Cultura devem caminhar lado a lado. Desde o meu 1\u00ba encontro com o prefeito Carlos Augusto (PL), ele pediu o nosso apoio para o artesanato riostrense. Com a entrega das Carteiras, estamos dando mais um passo para isso. A nossa meta \u00e9 criar uma pol\u00edtica consistente para o artesanato estadual\u201d, contou Gustavo Tutuca.<\/p>\n\n\n\n<p>Artes\u00e3 h\u00e1 mais de duas d\u00e9cadas, Raimunda Severina Leal, de 81 anos, mais conhecida como Dona Menininha, recebeu o documento pela 1\u00aa vez, e n\u00e3o escondeu a felicidade pelo reconhecimento do trabalho realizado na cidade.<\/p>\n\n\n\n<p>\u201cExponho meus produtos no Quiosque do Artes\u00e3o, em Costazul. Fa\u00e7o de tudo, patchwork, macram\u00ea, bolsas, pe\u00e7as com ponto de cruz e muita costura. Sou costureira a vida toda. Neste ano, recebi a Carteira Municipal e agora vou ter a Nacional\u201d, declarou Dona Menininha.<\/p>\n\n\n\n<p>Quem tamb\u00e9m celebrou a conquista foi Raquel Guimar\u00e3es, que come\u00e7ou a trabalhar com brinquedos de feltro, la\u00e7os de cabelo e patchwork h\u00e1 pouco mais de 5 anos, comercializando seus produtos pela internet e em uma loja colaborativa.<\/p>\n\n\n\n<p>\u201cCom a Carteira Nacional, vou poder participar de feiras e outros eventos, al\u00e9m de ter desconto para compra dos produtos em algumas lojas. \u00c9 uma forma de mostrar que sou uma artes\u00e3 profissional\u201d, comemorou Raquel Guimar\u00e3es.<\/p>\n\n\n\n<p>Al\u00e9m dos gestores estaduais e municipais, tamb\u00e9m participaram do evento o presidente da Empresa de Turismo do Munic\u00edpio do Rio (RioTur), Sergio Ricardo de Almeida, e o vereador Rafa Ulrick (PP), relator da Comiss\u00e3o de Cultura da C\u00e2mara Municipal.&nbsp;&nbsp;&nbsp;<\/p>\n","protected":false},"excerpt":{"rendered":"<p>A Biblioteca Municipal \u00cdris Galv\u00e3o, em Rio das Ostras, foi palco, nessa quarta-feira, 15, de uma solenidade em parceria com a Secretaria Estadual de Turismo, para a entrega da Carteira Nacional do Artes\u00e3o (CNA) para 105 profissionais da cidade. O evento contou com a presen\u00e7a do secret\u00e1rio estadual de Turismo, Gustavo Tutuca (PP), al\u00e9m da [&hellip;]<\/p>\n","protected":false},"author":2,"featured_media":25251,"comment_status":"open","ping_status":"open","sticky":false,"template":"","format":"standard","meta":{"footnotes":""},"categories":[2978,4],"tags":[],"class_list":["post-25250","post","type-post","status-publish","format-standard","has-post-thumbnail","hentry","category-destaques-topo","category-rio-das-ostras"],"_links":{"self":[{"href":"https:\/\/blogdodanielgalvao.com.br\/site\/wp-json\/wp\/v2\/posts\/25250","targetHints":{"allow":["GET"]}}],"collection":[{"href":"https:\/\/blogdodanielgalvao.com.br\/site\/wp-json\/wp\/v2\/posts"}],"about":[{"href":"https:\/\/blogdodanielgalvao.com.br\/site\/wp-json\/wp\/v2\/types\/post"}],"author":[{"embeddable":true,"href":"https:\/\/blogdodanielgalvao.com.br\/site\/wp-json\/wp\/v2\/users\/2"}],"replies":[{"embeddable":true,"href":"https:\/\/blogdodanielgalvao.com.br\/site\/wp-json\/wp\/v2\/comments?post=25250"}],"version-history":[{"count":1,"href":"https:\/\/blogdodanielgalvao.com.br\/site\/wp-json\/wp\/v2\/posts\/25250\/revisions"}],"predecessor-version":[{"id":25252,"href":"https:\/\/blogdodanielgalvao.com.br\/site\/wp-json\/wp\/v2\/posts\/25250\/revisions\/25252"}],"wp:featuredmedia":[{"embeddable":true,"href":"https:\/\/blogdodanielgalvao.com.br\/site\/wp-json\/wp\/v2\/media\/25251"}],"wp:attachment":[{"href":"https:\/\/blogdodanielgalvao.com.br\/site\/wp-json\/wp\/v2\/media?parent=25250"}],"wp:term":[{"taxonomy":"category","embeddable":true,"href":"https:\/\/blogdodanielgalvao.com.br\/site\/wp-json\/wp\/v2\/categories?post=25250"},{"taxonomy":"post_tag","embeddable":true,"href":"https:\/\/blogdodanielgalvao.com.br\/site\/wp-json\/wp\/v2\/tags?post=25250"}],"curies":[{"name":"wp","href":"https:\/\/api.w.org\/{rel}","templated":true}]}}