{"id":25247,"date":"2025-10-16T18:03:45","date_gmt":"2025-10-16T21:03:45","guid":{"rendered":"https:\/\/blogdodanielgalvao.com.br\/site\/?p=25247"},"modified":"2025-10-16T18:03:48","modified_gmt":"2025-10-16T21:03:48","slug":"motocross-retorna-com-forca-a-macae-apos-mais-de-uma-decada","status":"publish","type":"post","link":"https:\/\/blogdodanielgalvao.com.br\/site\/motocross-retorna-com-forca-a-macae-apos-mais-de-uma-decada\/","title":{"rendered":"Motocross retorna com for\u00e7a a Maca\u00e9 ap\u00f3s mais de uma d\u00e9cada"},"content":{"rendered":"\n<p>Voltando a atrair os holofotes tamb\u00e9m no esporte e recebendo novamente grandes eventos, Maca\u00e9 ir\u00e1 sediar neste final de semana uma etapa do Campeonato Estadual de Motocross. O evento ser\u00e1 realizado na Virgem Santa, ao lado do HPM e pr\u00f3ximo ao F\u00f3rum. A etapa conta com realiza\u00e7\u00e3o da Prefeitura com a Federa\u00e7\u00e3o de Motocross do Estado do Rio de Janeiro.<\/p>\n\n\n\n<p>Receber novamente eventos de grande porte \u00e9 um motivo de orgulho para a cidade. O munic\u00edpio que vive um momento de prosperidade econ\u00f4mica agora passa a ganhar destaque tamb\u00e9m no \u00e2mbito esportivo. O fato foi bastante comemorado pelo prefeito Welberth Rezende.<\/p>\n\n\n\n<p>\u201cNossa cidade ser\u00e1 palco de mais uma grande conquista: vamos receber uma etapa do Campeonato Estadual de Motocross, marcando a reativa\u00e7\u00e3o desse esporte em Maca\u00e9 ap\u00f3s v\u00e1rios anos. Investir e incentivar as atividades esportivas \u00e9 uma miss\u00e3o do nosso governo, e cada evento refor\u00e7a o compromisso de transformar Maca\u00e9 na capital do esporte\u201d, destacou o prefeito Welberth Rezende. Cabe destacar que a pista feita pela Prefeitura est\u00e1 entre uma das maiores do estado.<\/p>\n\n\n\n<p>Maca\u00e9 estava h\u00e1 mais de uma d\u00e9cada sem competi\u00e7\u00f5es oficiais de motocross. A abertura do evento ser\u00e1 na sexta-feira, quando acontece o reconhecimento de pista, das 11h \u00e0s 15h. No s\u00e1bado (18) acontecem os treinos livres e cronometrados, j\u00e1 as provas ser\u00e3o realizadas no domingo (19).&nbsp;&nbsp;&nbsp;&nbsp;<\/p>\n","protected":false},"excerpt":{"rendered":"<p>Voltando a atrair os holofotes tamb\u00e9m no esporte e recebendo novamente grandes eventos, Maca\u00e9 ir\u00e1 sediar neste final de semana uma etapa do Campeonato Estadual de Motocross. O evento ser\u00e1 realizado na Virgem Santa, ao lado do HPM e pr\u00f3ximo ao F\u00f3rum. A etapa conta com realiza\u00e7\u00e3o da Prefeitura com a Federa\u00e7\u00e3o de Motocross do [&hellip;]<\/p>\n","protected":false},"author":2,"featured_media":25248,"comment_status":"open","ping_status":"open","sticky":false,"template":"","format":"standard","meta":{"footnotes":""},"categories":[2980,2],"tags":[],"class_list":["post-25247","post","type-post","status-publish","format-standard","has-post-thumbnail","hentry","category-destaque-noticia-2","category-macae"],"_links":{"self":[{"href":"https:\/\/blogdodanielgalvao.com.br\/site\/wp-json\/wp\/v2\/posts\/25247","targetHints":{"allow":["GET"]}}],"collection":[{"href":"https:\/\/blogdodanielgalvao.com.br\/site\/wp-json\/wp\/v2\/posts"}],"about":[{"href":"https:\/\/blogdodanielgalvao.com.br\/site\/wp-json\/wp\/v2\/types\/post"}],"author":[{"embeddable":true,"href":"https:\/\/blogdodanielgalvao.com.br\/site\/wp-json\/wp\/v2\/users\/2"}],"replies":[{"embeddable":true,"href":"https:\/\/blogdodanielgalvao.com.br\/site\/wp-json\/wp\/v2\/comments?post=25247"}],"version-history":[{"count":1,"href":"https:\/\/blogdodanielgalvao.com.br\/site\/wp-json\/wp\/v2\/posts\/25247\/revisions"}],"predecessor-version":[{"id":25249,"href":"https:\/\/blogdodanielgalvao.com.br\/site\/wp-json\/wp\/v2\/posts\/25247\/revisions\/25249"}],"wp:featuredmedia":[{"embeddable":true,"href":"https:\/\/blogdodanielgalvao.com.br\/site\/wp-json\/wp\/v2\/media\/25248"}],"wp:attachment":[{"href":"https:\/\/blogdodanielgalvao.com.br\/site\/wp-json\/wp\/v2\/media?parent=25247"}],"wp:term":[{"taxonomy":"category","embeddable":true,"href":"https:\/\/blogdodanielgalvao.com.br\/site\/wp-json\/wp\/v2\/categories?post=25247"},{"taxonomy":"post_tag","embeddable":true,"href":"https:\/\/blogdodanielgalvao.com.br\/site\/wp-json\/wp\/v2\/tags?post=25247"}],"curies":[{"name":"wp","href":"https:\/\/api.w.org\/{rel}","templated":true}]}}