{"id":25231,"date":"2025-10-16T15:39:55","date_gmt":"2025-10-16T18:39:55","guid":{"rendered":"https:\/\/blogdodanielgalvao.com.br\/site\/?p=25231"},"modified":"2025-10-16T15:40:02","modified_gmt":"2025-10-16T18:40:02","slug":"evento-em-saquarema-valoriza-iniciativas-criadas-nas-escolas-municipais","status":"publish","type":"post","link":"https:\/\/blogdodanielgalvao.com.br\/site\/evento-em-saquarema-valoriza-iniciativas-criadas-nas-escolas-municipais\/","title":{"rendered":"Evento em Saquarema valoriza iniciativas criadas nas escolas municipais"},"content":{"rendered":"\n<p>A Prefeitura de Saquarema comemorou, nessa semana, o sucesso da realiza\u00e7\u00e3o da 4\u00aa Mostra Pedag\u00f3gica do munic\u00edpio, que aconteceu nos dias 10 e 11 de outubro, com o tema \u201cEmpreendedorismo\u201d, e que reuniu profissionais da Educa\u00e7\u00e3o.<\/p>\n\n\n\n<p>O evento contou com a premia\u00e7\u00e3o de 6 iniciativas desenvolvidas na rede p\u00fablica municipal de ensino, com 3 projetos da Educa\u00e7\u00e3o Infantil, e 3 do Ensino Fundamental, nas \u00e1reas de artesanato, reciclagem, turismo e jardinagem, entre outras.<\/p>\n\n\n\n<p>\u201cA 4\u00aa Mostra Pedag\u00f3gica 2025 contou com o empenho e a criatividade de centenas de profissionais da educa\u00e7\u00e3o, sendo um evento que busca anualmente valorizar o trabalho que \u00e9 desenvolvido diariamente nas escolas da rede e tendo como um dos pilares o reconhecimento dos educadores de Saquarema\u201d, afirmou a prefeitura.<\/p>\n\n\n\n<p>Para a prefeita Lucimar (PL), a realiza\u00e7\u00e3o do evento celebra a criatividade das iniciativas da Educa\u00e7\u00e3o, valorizando tamb\u00e9m o empreendedorismo dos servidores sem perder a liga\u00e7\u00e3o com as ra\u00edzes e tradi\u00e7\u00f5es do munic\u00edpio<\/p>\n\n\n\n<p>\u201cFico imensamente feliz em ver a criatividade das nossas escolas sendo celebrada. As iniciativas provam que o empreendedorismo pode ser ensinado com afeto, valorizando nossas tradi\u00e7\u00f5es. Estamos formando n\u00e3o apenas alunos, mas cidad\u00e3os criativos e preparados para transformar suas pr\u00f3prias realidades. Parab\u00e9ns aos nossos professores por liderarem essa transforma\u00e7\u00e3o\u201d, afirmou Lucimar.<\/p>\n\n\n\n<p>Vencedor do pr\u00eamio de 1\u00ba lugar na categoria Educa\u00e7\u00e3o Infantil, o projeto \u201cCosturando Sonhos: Empreendendo Com As M\u00e3os\u201d trouxe a pintura em tecidos e cria\u00e7\u00e3o de estampas, al\u00e9m de integrar os respons\u00e1veis com habilidades de costura para a produ\u00e7\u00e3o de bolsas, necessaires e almofadas.<\/p>\n\n\n\n<p>J\u00e1 o projeto vencedor do 1\u00ba lugar no Ensino Fundamental conectou a tecnologia com o turismo, com o tema \u201cSaquatur \u2013 Saquarema na Palma da M\u00e3o\u201d, aliando a valoriza\u00e7\u00e3o do territ\u00f3rio com pr\u00e1ticas pedag\u00f3gicas e inova\u00e7\u00e3o digital, funcionando como um aplicativo m\u00f3vel que incentiva o turismo local.<\/p>\n\n\n\n<p>\u201cA 4\u00aa Mostra Pedag\u00f3gica \u00e9 a materializa\u00e7\u00e3o do nosso projeto de uma educa\u00e7\u00e3o transformadora. Ao premiar iniciativas que v\u00e3o do artesanato \u00e0 tecnologia, mostramos que a inova\u00e7\u00e3o est\u00e1 presente em todas as etapas do ensino. O evento funciona como um grande laborat\u00f3rio de ideias, onde nossos educadores podem compartilhar as solu\u00e7\u00f5es criativas que j\u00e1 est\u00e3o impulsionando o aprendizado e fazendo de Saquarema uma refer\u00eancia em educa\u00e7\u00e3o no estado\u201d, comemorou a secret\u00e1ria de Educa\u00e7\u00e3o, Cultura, Inclus\u00e3o, Ci\u00eancia e Tecnologia, Patr\u00edcia Oliveira.<\/p>\n\n\n\n<p>A noite teve ainda outras 4 iniciativas premiadas, com propostas de incentivo \u00e0 leitura atrav\u00e9s de lendas de assombra\u00e7\u00f5es locais, de culin\u00e1ria tradicional ind\u00edgena e afro-brasileira com crian\u00e7as de uma creche da rede municipal.<\/p>\n\n\n\n<p>O reconhecimento se estendeu ainda a um projeto dedicado \u00e0 Educa\u00e7\u00e3o de Jovens e Adultos (EJA), que utilizou a inclus\u00e3o digital e o afeto como ferramentas para reconstruir trajet\u00f3rias e fortalecer os neg\u00f3cios dos pr\u00f3prios alunos.<\/p>\n\n\n\n<p>De acordo com a prefeitura, o evento refor\u00e7a o momento de crescimento e consolida\u00e7\u00e3o da educa\u00e7\u00e3o p\u00fablica municipal como uma refer\u00eancia no Estado, com a 7\u00aa posi\u00e7\u00e3o do \u00cdndice de Desenvolvimento da Educa\u00e7\u00e3o B\u00e1sica (IDEB) das escolas municipais no Estado do Rio, considerando-se os anos finais do Ensino Fundamental.&nbsp;&nbsp;&nbsp;&nbsp;&nbsp;<\/p>\n","protected":false},"excerpt":{"rendered":"<p>A Prefeitura de Saquarema comemorou, nessa semana, o sucesso da realiza\u00e7\u00e3o da 4\u00aa Mostra Pedag\u00f3gica do munic\u00edpio, que aconteceu nos dias 10 e 11 de outubro, com o tema \u201cEmpreendedorismo\u201d, e que reuniu profissionais da Educa\u00e7\u00e3o. O evento contou com a premia\u00e7\u00e3o de 6 iniciativas desenvolvidas na rede p\u00fablica municipal de ensino, com 3 projetos [&hellip;]<\/p>\n","protected":false},"author":2,"featured_media":25232,"comment_status":"open","ping_status":"open","sticky":false,"template":"","format":"standard","meta":{"footnotes":""},"categories":[1885],"tags":[],"class_list":["post-25231","post","type-post","status-publish","format-standard","has-post-thumbnail","hentry","category-saquarema"],"_links":{"self":[{"href":"https:\/\/blogdodanielgalvao.com.br\/site\/wp-json\/wp\/v2\/posts\/25231","targetHints":{"allow":["GET"]}}],"collection":[{"href":"https:\/\/blogdodanielgalvao.com.br\/site\/wp-json\/wp\/v2\/posts"}],"about":[{"href":"https:\/\/blogdodanielgalvao.com.br\/site\/wp-json\/wp\/v2\/types\/post"}],"author":[{"embeddable":true,"href":"https:\/\/blogdodanielgalvao.com.br\/site\/wp-json\/wp\/v2\/users\/2"}],"replies":[{"embeddable":true,"href":"https:\/\/blogdodanielgalvao.com.br\/site\/wp-json\/wp\/v2\/comments?post=25231"}],"version-history":[{"count":1,"href":"https:\/\/blogdodanielgalvao.com.br\/site\/wp-json\/wp\/v2\/posts\/25231\/revisions"}],"predecessor-version":[{"id":25233,"href":"https:\/\/blogdodanielgalvao.com.br\/site\/wp-json\/wp\/v2\/posts\/25231\/revisions\/25233"}],"wp:featuredmedia":[{"embeddable":true,"href":"https:\/\/blogdodanielgalvao.com.br\/site\/wp-json\/wp\/v2\/media\/25232"}],"wp:attachment":[{"href":"https:\/\/blogdodanielgalvao.com.br\/site\/wp-json\/wp\/v2\/media?parent=25231"}],"wp:term":[{"taxonomy":"category","embeddable":true,"href":"https:\/\/blogdodanielgalvao.com.br\/site\/wp-json\/wp\/v2\/categories?post=25231"},{"taxonomy":"post_tag","embeddable":true,"href":"https:\/\/blogdodanielgalvao.com.br\/site\/wp-json\/wp\/v2\/tags?post=25231"}],"curies":[{"name":"wp","href":"https:\/\/api.w.org\/{rel}","templated":true}]}}