{"id":25226,"date":"2025-10-16T14:02:44","date_gmt":"2025-10-16T17:02:44","guid":{"rendered":"https:\/\/blogdodanielgalvao.com.br\/site\/?p=25226"},"modified":"2025-10-16T14:02:50","modified_gmt":"2025-10-16T17:02:50","slug":"iniciativa-promove-qualidade-de-vida-e-autocuidado-entre-profissionais-da-saude-de-cabo-frio","status":"publish","type":"post","link":"https:\/\/blogdodanielgalvao.com.br\/site\/iniciativa-promove-qualidade-de-vida-e-autocuidado-entre-profissionais-da-saude-de-cabo-frio\/","title":{"rendered":"Iniciativa promove qualidade de vida e autocuidado entre profissionais da sa\u00fade de Cabo Frio"},"content":{"rendered":"\n<p>A Prefeitura de Cabo Frio iniciou uma nova a\u00e7\u00e3o voltada ao acolhimento e cuidado com os servidores da rede municipal de sa\u00fade. A iniciativa \u00e9 uma parceria entre a Superintend\u00eancia da Sa\u00fade do Trabalhador, o N\u00facleo de Educa\u00e7\u00e3o Permanente em Sa\u00fade (NEPS), a faculdade Unopar e o curso T\u00e9cnico de Enfermagem CESAP.<\/p>\n\n\n\n<p>O objetivo \u00e9 promover qualidade de vida, bem-estar e aten\u00e7\u00e3o integral aos profissionais que diariamente est\u00e3o na linha de frente do atendimento \u00e0 popula\u00e7\u00e3o. A superintendente da Sa\u00fade do Trabalhador, Cristiane Falque, o coordenador do NEPS, Paulo, a professora M\u00e1rcia, representando a Unopar, e a professora L\u00e9ia Dias Lopes, do CESAP, s\u00e3o os respons\u00e1veis pela condu\u00e7\u00e3o do projeto.<\/p>\n\n\n\n<p>As a\u00e7\u00f5es, realizadas inicialmente com servidores da Secretaria Adjunta da Aten\u00e7\u00e3o Prim\u00e1ria, incluem agentes comunit\u00e1rios de sa\u00fade, agentes de endemias, t\u00e9cnicos e enfermeiros, bi\u00f3logos, m\u00e9dicos, dentistas, administrativos e auxiliares de servi\u00e7os gerais.<\/p>\n\n\n\n<p>Os acad\u00eamicos de nutri\u00e7\u00e3o da Unopar fazem atendimentos todas as quintas-feiras, das 8h30 \u00e0s 16h30, mediante agendamento. Durante as consultas, os profissionais recebem orienta\u00e7\u00f5es alimentares personalizadas, acompanhamento e revis\u00e3o peri\u00f3dica.<\/p>\n\n\n\n<p>J\u00e1 os alunos do curso t\u00e9cnico de enfermagem realizam aferi\u00e7\u00e3o de press\u00e3o arterial e testes de glicemia capilar, refor\u00e7ando o cuidado preventivo e o monitoramento da sa\u00fade dos servidores.<\/p>\n\n\n\n<p>De acordo com os organizadores, a ades\u00e3o tem sido positiva e demonstra o reconhecimento dos profissionais sobre a import\u00e2ncia do autocuidado. Os atendimentos ocorrem semanalmente na sede da Secretaria Adjunta da Aten\u00e7\u00e3o Prim\u00e1ria, fortalecendo o compromisso da gest\u00e3o municipal com o bem-estar de quem dedica a vida a cuidar&nbsp;do&nbsp;outro.&nbsp;&nbsp;&nbsp;&nbsp;<\/p>\n","protected":false},"excerpt":{"rendered":"<p>A Prefeitura de Cabo Frio iniciou uma nova a\u00e7\u00e3o voltada ao acolhimento e cuidado com os servidores da rede municipal de sa\u00fade. A iniciativa \u00e9 uma parceria entre a Superintend\u00eancia da Sa\u00fade do Trabalhador, o N\u00facleo de Educa\u00e7\u00e3o Permanente em Sa\u00fade (NEPS), a faculdade Unopar e o curso T\u00e9cnico de Enfermagem CESAP. O objetivo \u00e9 [&hellip;]<\/p>\n","protected":false},"author":2,"featured_media":25227,"comment_status":"open","ping_status":"open","sticky":false,"template":"","format":"standard","meta":{"footnotes":""},"categories":[340],"tags":[],"class_list":["post-25226","post","type-post","status-publish","format-standard","has-post-thumbnail","hentry","category-cabo-frio"],"_links":{"self":[{"href":"https:\/\/blogdodanielgalvao.com.br\/site\/wp-json\/wp\/v2\/posts\/25226","targetHints":{"allow":["GET"]}}],"collection":[{"href":"https:\/\/blogdodanielgalvao.com.br\/site\/wp-json\/wp\/v2\/posts"}],"about":[{"href":"https:\/\/blogdodanielgalvao.com.br\/site\/wp-json\/wp\/v2\/types\/post"}],"author":[{"embeddable":true,"href":"https:\/\/blogdodanielgalvao.com.br\/site\/wp-json\/wp\/v2\/users\/2"}],"replies":[{"embeddable":true,"href":"https:\/\/blogdodanielgalvao.com.br\/site\/wp-json\/wp\/v2\/comments?post=25226"}],"version-history":[{"count":1,"href":"https:\/\/blogdodanielgalvao.com.br\/site\/wp-json\/wp\/v2\/posts\/25226\/revisions"}],"predecessor-version":[{"id":25228,"href":"https:\/\/blogdodanielgalvao.com.br\/site\/wp-json\/wp\/v2\/posts\/25226\/revisions\/25228"}],"wp:featuredmedia":[{"embeddable":true,"href":"https:\/\/blogdodanielgalvao.com.br\/site\/wp-json\/wp\/v2\/media\/25227"}],"wp:attachment":[{"href":"https:\/\/blogdodanielgalvao.com.br\/site\/wp-json\/wp\/v2\/media?parent=25226"}],"wp:term":[{"taxonomy":"category","embeddable":true,"href":"https:\/\/blogdodanielgalvao.com.br\/site\/wp-json\/wp\/v2\/categories?post=25226"},{"taxonomy":"post_tag","embeddable":true,"href":"https:\/\/blogdodanielgalvao.com.br\/site\/wp-json\/wp\/v2\/tags?post=25226"}],"curies":[{"name":"wp","href":"https:\/\/api.w.org\/{rel}","templated":true}]}}