{"id":25209,"date":"2025-10-16T10:24:09","date_gmt":"2025-10-16T13:24:09","guid":{"rendered":"https:\/\/blogdodanielgalvao.com.br\/site\/?p=25209"},"modified":"2025-10-16T14:08:37","modified_gmt":"2025-10-16T17:08:37","slug":"apos-ataque-de-pitbull-bebe-de-10-meses-morre-no-hospital-ferreira-machado","status":"publish","type":"post","link":"https:\/\/blogdodanielgalvao.com.br\/site\/apos-ataque-de-pitbull-bebe-de-10-meses-morre-no-hospital-ferreira-machado\/","title":{"rendered":"Ap\u00f3s ataque de pitbull, beb\u00ea de 10 meses morre no Hospital Ferreira Machado"},"content":{"rendered":"\n<p>O beb\u00ea de 10 meses que estava internado em Campos ap\u00f3s um ataque de pitbull n\u00e3o resistiu aos ferimentos. Ele veio a \u00f3bito na madrugada da \u00faltima quinta-feira (16) no Hospital Ferreira Machado (HFM).<\/p>\n\n\n\n<p>O beb\u00ea foi identificado como Jos\u00e9 Henrique. O ataque foi registrado na \u00faltima ter\u00e7a-feira (14) na Baixada Campista. Por conta dos ferimentos, a crian\u00e7a deu entrada no hospital em estado grav\u00edssimo. Ele passou por cirurgia mas n\u00e3o resistiu aos ferimentos. O corpo foi encaminhado para o Instituto M\u00e9dico Legal (IML).<\/p>\n\n\n\n<p>Uma crian\u00e7a de 2 anos e a bab\u00e1 de 29 tamb\u00e9m sofreram o mesmo ataque. S\u00f3 que neste caso, tanto a crian\u00e7a quanto a mulher foram medicadas e receberam alta.<\/p>\n","protected":false},"excerpt":{"rendered":"<p>O beb\u00ea de 10 meses que estava internado em Campos ap\u00f3s um ataque de pitbull n\u00e3o resistiu aos ferimentos. Ele veio a \u00f3bito na madrugada da \u00faltima quinta-feira (16) no Hospital Ferreira Machado (HFM). O beb\u00ea foi identificado como Jos\u00e9 Henrique. O ataque foi registrado na \u00faltima ter\u00e7a-feira (14) na Baixada Campista. Por conta dos [&hellip;]<\/p>\n","protected":false},"author":2,"featured_media":25210,"comment_status":"open","ping_status":"open","sticky":false,"template":"","format":"standard","meta":{"footnotes":""},"categories":[2978,1899],"tags":[],"class_list":["post-25209","post","type-post","status-publish","format-standard","has-post-thumbnail","hentry","category-destaques-topo","category-policia"],"_links":{"self":[{"href":"https:\/\/blogdodanielgalvao.com.br\/site\/wp-json\/wp\/v2\/posts\/25209","targetHints":{"allow":["GET"]}}],"collection":[{"href":"https:\/\/blogdodanielgalvao.com.br\/site\/wp-json\/wp\/v2\/posts"}],"about":[{"href":"https:\/\/blogdodanielgalvao.com.br\/site\/wp-json\/wp\/v2\/types\/post"}],"author":[{"embeddable":true,"href":"https:\/\/blogdodanielgalvao.com.br\/site\/wp-json\/wp\/v2\/users\/2"}],"replies":[{"embeddable":true,"href":"https:\/\/blogdodanielgalvao.com.br\/site\/wp-json\/wp\/v2\/comments?post=25209"}],"version-history":[{"count":2,"href":"https:\/\/blogdodanielgalvao.com.br\/site\/wp-json\/wp\/v2\/posts\/25209\/revisions"}],"predecessor-version":[{"id":25230,"href":"https:\/\/blogdodanielgalvao.com.br\/site\/wp-json\/wp\/v2\/posts\/25209\/revisions\/25230"}],"wp:featuredmedia":[{"embeddable":true,"href":"https:\/\/blogdodanielgalvao.com.br\/site\/wp-json\/wp\/v2\/media\/25210"}],"wp:attachment":[{"href":"https:\/\/blogdodanielgalvao.com.br\/site\/wp-json\/wp\/v2\/media?parent=25209"}],"wp:term":[{"taxonomy":"category","embeddable":true,"href":"https:\/\/blogdodanielgalvao.com.br\/site\/wp-json\/wp\/v2\/categories?post=25209"},{"taxonomy":"post_tag","embeddable":true,"href":"https:\/\/blogdodanielgalvao.com.br\/site\/wp-json\/wp\/v2\/tags?post=25209"}],"curies":[{"name":"wp","href":"https:\/\/api.w.org\/{rel}","templated":true}]}}