{"id":25201,"date":"2025-10-15T17:46:07","date_gmt":"2025-10-15T20:46:07","guid":{"rendered":"https:\/\/blogdodanielgalvao.com.br\/site\/?p=25201"},"modified":"2025-10-15T17:46:11","modified_gmt":"2025-10-15T20:46:11","slug":"vacinacao-antirrabica-segue-em-2-locais-nesse-sabado-18-em-rio-das-ostras","status":"publish","type":"post","link":"https:\/\/blogdodanielgalvao.com.br\/site\/vacinacao-antirrabica-segue-em-2-locais-nesse-sabado-18-em-rio-das-ostras\/","title":{"rendered":"Vacina\u00e7\u00e3o antirr\u00e1bica segue em 2 locais nesse s\u00e1bado (18) em Rio das Ostras"},"content":{"rendered":"\n<p>A Prefeitura de Rio das Ostras segue avan\u00e7ando na campanha de vacina\u00e7\u00e3o antirr\u00e1bica, que chega \u00e0 3\u00aa etapa, depois de imunizar cerca de 12 mil animais de estima\u00e7\u00e3o, com postos de vacina\u00e7\u00e3o no Residencial Maria Turri, e no Shopping Plaza Rio das Ostras.<\/p>\n\n\n\n<p>De acordo com dados divulgados pelo munic\u00edpio nessa quarta-feira, 15, apenas no \u00faltimo s\u00e1bado, 11, mais de 5,6 mil c\u00e3es e gatos de estima\u00e7\u00e3o receberam as vacinas contra a raiva, sendo 4.467 c\u00e3es e 1.259 gatos.<\/p>\n\n\n\n<p>A 3\u00aa etapa da campanha acontece nesse s\u00e1bado, 18, no Residencial Maria Turri, que estar\u00e1 com uma equipe para vacina\u00e7\u00e3o das 9h \u00e0s 16h, e no Shopping Plaza Rio das Ostras, com imuniza\u00e7\u00e3o das 12h \u00e0s 18h.<\/p>\n\n\n\n<p>Promovida pelo Departamento de Vigil\u00e2ncia em Sa\u00fade, da Secretaria de Sa\u00fade, a campanha visa combater a raiva, uma doen\u00e7a viral que ataca o sistema nervoso central de mam\u00edferos, incluindo c\u00e3es, gatos, morcegos e humanos.<\/p>\n\n\n\n<p>Segundo dados do Minist\u00e9rio da Sa\u00fade, a doen\u00e7a, que provoca uma inflama\u00e7\u00e3o no c\u00e9rebro, tem letalidade estimada em aproximadamente 100% se n\u00e3o for tratada a tempo, e tendo como principal medida de preven\u00e7\u00e3o a vacina\u00e7\u00e3o.<\/p>\n\n\n\n<p>\u201cOs propriet\u00e1rios devem levar seus animais para se imunizar, com idade acima de 3 meses, de forma adequada para garantir a prote\u00e7\u00e3o dos bichinhos. Os cachorros devem estar com guia e coleira, e os felinos, nas gaiolas pr\u00f3prias para deslocamento dos bichanos, lembrando que a vacina deve ser administrada anualmente\u201d, explicou a prefeitura.<\/p>\n\n\n\n<p>A doen\u00e7a \u00e9 transmitida principalmente pela saliva de animais infectados, por meio de mordidas, arranh\u00f5es ou lambeduras, lembrando que a preven\u00e7\u00e3o \u00e9 crucial e inclui a vacina\u00e7\u00e3o de animais e humanos, com recomenda\u00e7\u00e3o de procura imediata de um posto de sa\u00fade em caso de exposi\u00e7\u00e3o ao v\u00edrus.<\/p>\n\n\n\n<p>Entre os sintomas mais comuns da doen\u00e7a em c\u00e3es e gatos est\u00e3o agressividade, dificuldade de engolir, saliva\u00e7\u00e3o excessiva, convuls\u00f5es, paralisia e mudan\u00e7as de comportamento, al\u00e9m de vocaliza\u00e7\u00f5es anormais, paralisia e morte em poucos dias.<\/p>\n\n\n\n<p>J\u00e1 em humanos, os sintomas mais comuns incluem mal-estar geral, anorexia, n\u00e1useas, entorpecimento, inquietude, pequeno aumento de temperatura, dores de cabe\u00e7a e garganta, irritabilidade e sensa\u00e7\u00e3o de ang\u00fastia, podendo progredir para febre, del\u00edrios, convuls\u00f5es e espasmos musculares involunt\u00e1rios e generalizados.<\/p>\n","protected":false},"excerpt":{"rendered":"<p>A Prefeitura de Rio das Ostras segue avan\u00e7ando na campanha de vacina\u00e7\u00e3o antirr\u00e1bica, que chega \u00e0 3\u00aa etapa, depois de imunizar cerca de 12 mil animais de estima\u00e7\u00e3o, com postos de vacina\u00e7\u00e3o no Residencial Maria Turri, e no Shopping Plaza Rio das Ostras. De acordo com dados divulgados pelo munic\u00edpio nessa quarta-feira, 15, apenas no [&hellip;]<\/p>\n","protected":false},"author":2,"featured_media":25202,"comment_status":"open","ping_status":"open","sticky":false,"template":"","format":"standard","meta":{"footnotes":""},"categories":[2113],"tags":[],"class_list":["post-25201","post","type-post","status-publish","format-standard","has-post-thumbnail","hentry","category-saude"],"_links":{"self":[{"href":"https:\/\/blogdodanielgalvao.com.br\/site\/wp-json\/wp\/v2\/posts\/25201","targetHints":{"allow":["GET"]}}],"collection":[{"href":"https:\/\/blogdodanielgalvao.com.br\/site\/wp-json\/wp\/v2\/posts"}],"about":[{"href":"https:\/\/blogdodanielgalvao.com.br\/site\/wp-json\/wp\/v2\/types\/post"}],"author":[{"embeddable":true,"href":"https:\/\/blogdodanielgalvao.com.br\/site\/wp-json\/wp\/v2\/users\/2"}],"replies":[{"embeddable":true,"href":"https:\/\/blogdodanielgalvao.com.br\/site\/wp-json\/wp\/v2\/comments?post=25201"}],"version-history":[{"count":1,"href":"https:\/\/blogdodanielgalvao.com.br\/site\/wp-json\/wp\/v2\/posts\/25201\/revisions"}],"predecessor-version":[{"id":25203,"href":"https:\/\/blogdodanielgalvao.com.br\/site\/wp-json\/wp\/v2\/posts\/25201\/revisions\/25203"}],"wp:featuredmedia":[{"embeddable":true,"href":"https:\/\/blogdodanielgalvao.com.br\/site\/wp-json\/wp\/v2\/media\/25202"}],"wp:attachment":[{"href":"https:\/\/blogdodanielgalvao.com.br\/site\/wp-json\/wp\/v2\/media?parent=25201"}],"wp:term":[{"taxonomy":"category","embeddable":true,"href":"https:\/\/blogdodanielgalvao.com.br\/site\/wp-json\/wp\/v2\/categories?post=25201"},{"taxonomy":"post_tag","embeddable":true,"href":"https:\/\/blogdodanielgalvao.com.br\/site\/wp-json\/wp\/v2\/tags?post=25201"}],"curies":[{"name":"wp","href":"https:\/\/api.w.org\/{rel}","templated":true}]}}