{"id":25192,"date":"2025-10-15T17:19:04","date_gmt":"2025-10-15T20:19:04","guid":{"rendered":"https:\/\/blogdodanielgalvao.com.br\/site\/?p=25192"},"modified":"2025-10-15T17:19:09","modified_gmt":"2025-10-15T20:19:09","slug":"pedal-azul-reforca-inclusao-e-solidariedade-em-macae-com-evento-em-prol-da-causa-autista","status":"publish","type":"post","link":"https:\/\/blogdodanielgalvao.com.br\/site\/pedal-azul-reforca-inclusao-e-solidariedade-em-macae-com-evento-em-prol-da-causa-autista\/","title":{"rendered":"Pedal Azul refor\u00e7a inclus\u00e3o e solidariedade em Maca\u00e9 com evento em prol da causa autista"},"content":{"rendered":"\n<p>Maca\u00e9 vai receber no pr\u00f3ximo domingo (19) \u00e1s 8h30 a 4\u00aa edi\u00e7\u00e3o do Pedal Azul. O evento de ciclismo ser\u00e1 realizado em prol da causa autista no munic\u00edpio e contar\u00e1 com apoio log\u00edstico da Prefeitura. A concentra\u00e7\u00e3o est\u00e1 prevista para \u00e0s 6h30 na Lagoa de Imboassica, pr\u00f3ximo aos quiosques.<\/p>\n\n\n\n<p>De acordo com os organizadores, a expectativa \u00e9 reunir cerca de 500 pessoas e tamb\u00e9m arrecadar tr\u00eas toneladas de alimentos n\u00e3o perec\u00edveis que ser\u00e3o destinados \u00e1 Associa\u00e7\u00e3o Motivados Pelo Autismo Maca\u00e9 (MOPAM). A entidade ficar\u00e1 encarregada de fazer \u00e0 distribui\u00e7\u00e3o do alimento \u00e0s fam\u00edlias que s\u00e3o assistidas pelo grupo.<\/p>\n\n\n\n<p>A equipe de organiza\u00e7\u00e3o do evento revelou tamb\u00e9m que os ciclistas interessados podem participar mesmo que n\u00e3o estejam inscritos. Para isso, basta levar 2 kg de alimento para doa\u00e7\u00e3o. Os organizadores Eduardo stembach e Vicente Passos explicaram que a maior miss\u00e3o \u00e9 levantar a bandeira da causa autista junto \u00e0 sociedade e ao poder p\u00fablico.<\/p>\n\n\n\n<p>\u201cTodos, fam\u00edlias, crian\u00e7as e idosos, podem e est\u00e3o convidados a participar com sua bicicleta, pois teremos toda seguran\u00e7a vi\u00e1ria poss\u00edvel com o apoio da Mobilidade Urbana de Maca\u00e9 e mais de 20 ciclistas orientando e guiando todos os participantes. Nesses 15 anos de eventos pedais solid\u00e1rios, j\u00e1 arrecadamos mais de 20 toneladas de alimentos e doados para v\u00e1rias institui\u00e7\u00f5es de nossa cidade\u201d, observa Eduardo Stembach.<\/p>\n\n\n\n<p>O Pedal Azul seguir\u00e1 o seguinte trajeto: Lagoa, orla Pecado, Avenida Amaral Peixoto e Nossa Senhora da Gl\u00f3ria (retorno pela orla), Avenida Atl\u00e2ntica, Rua Valpara\u00edso, Avenida Amaral Peixoto, Rua Amphil\u00f3phio Trindade (Lagoa), totalizando 10 quil\u00f4metros.<\/p>\n","protected":false},"excerpt":{"rendered":"<p>Maca\u00e9 vai receber no pr\u00f3ximo domingo (19) \u00e1s 8h30 a 4\u00aa edi\u00e7\u00e3o do Pedal Azul. O evento de ciclismo ser\u00e1 realizado em prol da causa autista no munic\u00edpio e contar\u00e1 com apoio log\u00edstico da Prefeitura. A concentra\u00e7\u00e3o est\u00e1 prevista para \u00e0s 6h30 na Lagoa de Imboassica, pr\u00f3ximo aos quiosques. De acordo com os organizadores, a [&hellip;]<\/p>\n","protected":false},"author":2,"featured_media":25193,"comment_status":"open","ping_status":"open","sticky":false,"template":"","format":"standard","meta":{"footnotes":""},"categories":[2978,2],"tags":[],"class_list":["post-25192","post","type-post","status-publish","format-standard","has-post-thumbnail","hentry","category-destaques-topo","category-macae"],"_links":{"self":[{"href":"https:\/\/blogdodanielgalvao.com.br\/site\/wp-json\/wp\/v2\/posts\/25192","targetHints":{"allow":["GET"]}}],"collection":[{"href":"https:\/\/blogdodanielgalvao.com.br\/site\/wp-json\/wp\/v2\/posts"}],"about":[{"href":"https:\/\/blogdodanielgalvao.com.br\/site\/wp-json\/wp\/v2\/types\/post"}],"author":[{"embeddable":true,"href":"https:\/\/blogdodanielgalvao.com.br\/site\/wp-json\/wp\/v2\/users\/2"}],"replies":[{"embeddable":true,"href":"https:\/\/blogdodanielgalvao.com.br\/site\/wp-json\/wp\/v2\/comments?post=25192"}],"version-history":[{"count":1,"href":"https:\/\/blogdodanielgalvao.com.br\/site\/wp-json\/wp\/v2\/posts\/25192\/revisions"}],"predecessor-version":[{"id":25194,"href":"https:\/\/blogdodanielgalvao.com.br\/site\/wp-json\/wp\/v2\/posts\/25192\/revisions\/25194"}],"wp:featuredmedia":[{"embeddable":true,"href":"https:\/\/blogdodanielgalvao.com.br\/site\/wp-json\/wp\/v2\/media\/25193"}],"wp:attachment":[{"href":"https:\/\/blogdodanielgalvao.com.br\/site\/wp-json\/wp\/v2\/media?parent=25192"}],"wp:term":[{"taxonomy":"category","embeddable":true,"href":"https:\/\/blogdodanielgalvao.com.br\/site\/wp-json\/wp\/v2\/categories?post=25192"},{"taxonomy":"post_tag","embeddable":true,"href":"https:\/\/blogdodanielgalvao.com.br\/site\/wp-json\/wp\/v2\/tags?post=25192"}],"curies":[{"name":"wp","href":"https:\/\/api.w.org\/{rel}","templated":true}]}}