{"id":25189,"date":"2025-10-15T16:40:17","date_gmt":"2025-10-15T19:40:17","guid":{"rendered":"https:\/\/blogdodanielgalvao.com.br\/site\/?p=25189"},"modified":"2025-10-15T16:40:20","modified_gmt":"2025-10-15T19:40:20","slug":"cabo-frio-marca-presenca-no-congresso-de-politicas-inclusivas-no-rio-de-janeiro","status":"publish","type":"post","link":"https:\/\/blogdodanielgalvao.com.br\/site\/cabo-frio-marca-presenca-no-congresso-de-politicas-inclusivas-no-rio-de-janeiro\/","title":{"rendered":"Cabo Frio marca presen\u00e7a no Congresso de Pol\u00edticas Inclusivas no Rio de Janeiro"},"content":{"rendered":"\n<p>A Secretaria de Assist\u00eancia Social de Cabo Frio, por meio da Secretaria Adjunta de Pol\u00edticas P\u00fablicas da Pessoa com Defici\u00eancia e Autismo, participou do 4\u00ba Congresso Sesc de Pol\u00edticas Inclusivas, realizado na ter\u00e7a-feira (14), no audit\u00f3rio da Fecom\u00e9rcio, no Rio de Janeiro. O evento, organizado em parceria com a Ordem dos Advogados do Brasil (OAB-RJ), celebrou os 10 anos da Lei Brasileira de Inclus\u00e3o (LBI) e reafirmou o compromisso nacional com a acessibilidade e a diversidade.<\/p>\n\n\n\n<p>O encontro reuniu especialistas, gestores p\u00fablicos, profissionais da educa\u00e7\u00e3o e representantes da sociedade civil em um espa\u00e7o de di\u00e1logo sobre os avan\u00e7os conquistados e os desafios que ainda persistem na garantia dos direitos das pessoas com defici\u00eancia. Temas como educa\u00e7\u00e3o inclusiva, autonomia, empregabilidade e protagonismo social estiveram entre os principais pontos debatidos.<\/p>\n\n\n\n<p>Representando Cabo Frio, o secret\u00e1rio adjunto da Pessoa com Defici\u00eancia e Autismo, Andr\u00e9 Luiz Gugu, e o superintendente Anderson Macleyves ressaltaram a relev\u00e2ncia do congresso como ambiente de troca de experi\u00eancias e fortalecimento das pol\u00edticas p\u00fablicas municipais voltadas \u00e0 inclus\u00e3o.<\/p>\n\n\n\n<p>\u201c\u00c9 de extrema import\u00e2ncia inserir Cabo Frio nas discuss\u00f5es nacionais sobre as pol\u00edticas PCD. O congresso foi um espa\u00e7o estrat\u00e9gico para nos colocarmos \u00e0 disposi\u00e7\u00e3o do programa norteador dos direitos das pessoas com defici\u00eancia, o Viver Sem Fronteiras, debatido com a secret\u00e1ria nacional da Pessoa com Defici\u00eancia, Ana Paula Feminella\u201d, destacaram os representantes.<\/p>\n\n\n\n<p>Al\u00e9m de discutir boas pr\u00e1ticas, o evento tamb\u00e9m apresentou um panorama sobre o processo de mobiliza\u00e7\u00e3o que resultou na cria\u00e7\u00e3o da LBI, refor\u00e7ando a import\u00e2ncia de manter o debate ativo sobre cidadania, equidade e acessibilidade em todas as esferas sociais.<\/p>\n\n\n\n<p>A participa\u00e7\u00e3o de Cabo Frio no congresso refor\u00e7a o compromisso do munic\u00edpio em avan\u00e7ar nas pol\u00edticas p\u00fablicas de inclus\u00e3o, garantindo que a diversidade seja tratada com respeito, representatividade e oportunidades iguais&nbsp;para&nbsp;todos.&nbsp;&nbsp;&nbsp; &nbsp;&nbsp;&nbsp;<\/p>\n","protected":false},"excerpt":{"rendered":"<p>A Secretaria de Assist\u00eancia Social de Cabo Frio, por meio da Secretaria Adjunta de Pol\u00edticas P\u00fablicas da Pessoa com Defici\u00eancia e Autismo, participou do 4\u00ba Congresso Sesc de Pol\u00edticas Inclusivas, realizado na ter\u00e7a-feira (14), no audit\u00f3rio da Fecom\u00e9rcio, no Rio de Janeiro. O evento, organizado em parceria com a Ordem dos Advogados do Brasil (OAB-RJ), [&hellip;]<\/p>\n","protected":false},"author":2,"featured_media":25190,"comment_status":"open","ping_status":"open","sticky":false,"template":"","format":"standard","meta":{"footnotes":""},"categories":[340,2978],"tags":[],"class_list":["post-25189","post","type-post","status-publish","format-standard","has-post-thumbnail","hentry","category-cabo-frio","category-destaques-topo"],"_links":{"self":[{"href":"https:\/\/blogdodanielgalvao.com.br\/site\/wp-json\/wp\/v2\/posts\/25189","targetHints":{"allow":["GET"]}}],"collection":[{"href":"https:\/\/blogdodanielgalvao.com.br\/site\/wp-json\/wp\/v2\/posts"}],"about":[{"href":"https:\/\/blogdodanielgalvao.com.br\/site\/wp-json\/wp\/v2\/types\/post"}],"author":[{"embeddable":true,"href":"https:\/\/blogdodanielgalvao.com.br\/site\/wp-json\/wp\/v2\/users\/2"}],"replies":[{"embeddable":true,"href":"https:\/\/blogdodanielgalvao.com.br\/site\/wp-json\/wp\/v2\/comments?post=25189"}],"version-history":[{"count":1,"href":"https:\/\/blogdodanielgalvao.com.br\/site\/wp-json\/wp\/v2\/posts\/25189\/revisions"}],"predecessor-version":[{"id":25191,"href":"https:\/\/blogdodanielgalvao.com.br\/site\/wp-json\/wp\/v2\/posts\/25189\/revisions\/25191"}],"wp:featuredmedia":[{"embeddable":true,"href":"https:\/\/blogdodanielgalvao.com.br\/site\/wp-json\/wp\/v2\/media\/25190"}],"wp:attachment":[{"href":"https:\/\/blogdodanielgalvao.com.br\/site\/wp-json\/wp\/v2\/media?parent=25189"}],"wp:term":[{"taxonomy":"category","embeddable":true,"href":"https:\/\/blogdodanielgalvao.com.br\/site\/wp-json\/wp\/v2\/categories?post=25189"},{"taxonomy":"post_tag","embeddable":true,"href":"https:\/\/blogdodanielgalvao.com.br\/site\/wp-json\/wp\/v2\/tags?post=25189"}],"curies":[{"name":"wp","href":"https:\/\/api.w.org\/{rel}","templated":true}]}}