{"id":25181,"date":"2025-10-15T16:20:19","date_gmt":"2025-10-15T19:20:19","guid":{"rendered":"https:\/\/blogdodanielgalvao.com.br\/site\/?p=25181"},"modified":"2025-10-15T16:20:26","modified_gmt":"2025-10-15T19:20:26","slug":"entrega-dos-novos-cartoes-do-gira-renda-cabista-chega-a-figueira-nesta-quinta-e-sexta","status":"publish","type":"post","link":"https:\/\/blogdodanielgalvao.com.br\/site\/entrega-dos-novos-cartoes-do-gira-renda-cabista-chega-a-figueira-nesta-quinta-e-sexta\/","title":{"rendered":"Entrega dos novos cart\u00f5es do Gira Renda Cabista chega a Figueira nesta quinta e sexta"},"content":{"rendered":"\n<p>A Prefeitura de Arraial do Cabo, por meio da Secretaria de Desenvolvimento Social, Trabalho, Renda e Direitos Humanos, segue com o cronograma de entrega dos novos cart\u00f5es do Programa Gira Renda Cabista. Nesta quinta (16) e sexta-feira (17), a equipe estar\u00e1 no distrito de Figueira realizando o atendimento aos benefici\u00e1rios cadastrados na localidade.<\/p>\n\n\n\n<p>A entrega acontecer\u00e1 no CRAS Jos\u00e9 Henrique da Silva, das 9h \u00e0s 11h30. Para retirar o cart\u00e3o, \u00e9 necess\u00e1rio apresentar documento oficial com foto.<\/p>\n\n\n\n<p>As entregas no distrito de Monte Alto foram finalizadas nesta quarta-feira (15), com a participa\u00e7\u00e3o de 265 benefici\u00e1rios que compareceram ao CRAS Francisco Rodrigues para receber o novo cart\u00e3o.<\/p>\n\n\n\n<p>Para os moradores da regi\u00e3o central, a distribui\u00e7\u00e3o come\u00e7ar\u00e1 na pr\u00f3xima ter\u00e7a-feira (21), das 8h \u00e0s 17h, na sede do programa, situada na Rua Bernardino Viana, n\u00ba 108, bairro Praia Grande.<\/p>\n\n\n\n<p>Quem n\u00e3o conseguiu comparecer nas datas anteriores poder\u00e1 retirar o benef\u00edcio diretamente na sede do Gira Renda Cabista, tamb\u00e9m a partir do dia 21 de outubro.<\/p>\n\n\n\n<p>O Gira Renda Cabista \u00e9 um Programa Municipal de Transfer\u00eancia de Renda institu\u00eddo pela Lei n\u00ba 2.646\/2025, voltado a fam\u00edlias em situa\u00e7\u00e3o de vulnerabilidade social. A iniciativa prioriza pescadores artesanais e idosos que s\u00e3o respons\u00e1veis familiares, principalmente mulheres, que n\u00e3o recebem o Benef\u00edcio de Presta\u00e7\u00e3o Continuada (BPC).<\/p>\n\n\n\n<p>Com foco em garantir mais dignidade, estabilidade e oportunidades, o programa reafirma o compromisso da gest\u00e3o municipal em fortalecer o apoio social e econ\u00f4mico \u00e0s fam\u00edlias&nbsp;cabistas.&nbsp;&nbsp;&nbsp;&nbsp;<\/p>\n","protected":false},"excerpt":{"rendered":"<p>A Prefeitura de Arraial do Cabo, por meio da Secretaria de Desenvolvimento Social, Trabalho, Renda e Direitos Humanos, segue com o cronograma de entrega dos novos cart\u00f5es do Programa Gira Renda Cabista. Nesta quinta (16) e sexta-feira (17), a equipe estar\u00e1 no distrito de Figueira realizando o atendimento aos benefici\u00e1rios cadastrados na localidade. A entrega [&hellip;]<\/p>\n","protected":false},"author":2,"featured_media":25182,"comment_status":"open","ping_status":"open","sticky":false,"template":"","format":"standard","meta":{"footnotes":""},"categories":[838],"tags":[],"class_list":["post-25181","post","type-post","status-publish","format-standard","has-post-thumbnail","hentry","category-arraial-do-cabo"],"_links":{"self":[{"href":"https:\/\/blogdodanielgalvao.com.br\/site\/wp-json\/wp\/v2\/posts\/25181","targetHints":{"allow":["GET"]}}],"collection":[{"href":"https:\/\/blogdodanielgalvao.com.br\/site\/wp-json\/wp\/v2\/posts"}],"about":[{"href":"https:\/\/blogdodanielgalvao.com.br\/site\/wp-json\/wp\/v2\/types\/post"}],"author":[{"embeddable":true,"href":"https:\/\/blogdodanielgalvao.com.br\/site\/wp-json\/wp\/v2\/users\/2"}],"replies":[{"embeddable":true,"href":"https:\/\/blogdodanielgalvao.com.br\/site\/wp-json\/wp\/v2\/comments?post=25181"}],"version-history":[{"count":1,"href":"https:\/\/blogdodanielgalvao.com.br\/site\/wp-json\/wp\/v2\/posts\/25181\/revisions"}],"predecessor-version":[{"id":25183,"href":"https:\/\/blogdodanielgalvao.com.br\/site\/wp-json\/wp\/v2\/posts\/25181\/revisions\/25183"}],"wp:featuredmedia":[{"embeddable":true,"href":"https:\/\/blogdodanielgalvao.com.br\/site\/wp-json\/wp\/v2\/media\/25182"}],"wp:attachment":[{"href":"https:\/\/blogdodanielgalvao.com.br\/site\/wp-json\/wp\/v2\/media?parent=25181"}],"wp:term":[{"taxonomy":"category","embeddable":true,"href":"https:\/\/blogdodanielgalvao.com.br\/site\/wp-json\/wp\/v2\/categories?post=25181"},{"taxonomy":"post_tag","embeddable":true,"href":"https:\/\/blogdodanielgalvao.com.br\/site\/wp-json\/wp\/v2\/tags?post=25181"}],"curies":[{"name":"wp","href":"https:\/\/api.w.org\/{rel}","templated":true}]}}