{"id":25178,"date":"2025-10-15T16:16:36","date_gmt":"2025-10-15T19:16:36","guid":{"rendered":"https:\/\/blogdodanielgalvao.com.br\/site\/?p=25178"},"modified":"2025-10-15T16:16:42","modified_gmt":"2025-10-15T19:16:42","slug":"seguranca-em-pauta-quissama-participa-de-encontro-regional-do-cidennf","status":"publish","type":"post","link":"https:\/\/blogdodanielgalvao.com.br\/site\/seguranca-em-pauta-quissama-participa-de-encontro-regional-do-cidennf\/","title":{"rendered":"Seguran\u00e7a em pauta: Quissam\u00e3 participa de encontro regional do CIDENNF"},"content":{"rendered":"\n<p>Quissam\u00e3 recebeu nesta quarta-feira (15) a 1\u00aa Reuni\u00e3o da C\u00e2mara T\u00e9cnica de Gest\u00e3o de Seguran\u00e7a P\u00fablica. O encontro foi promovido pelo Cons\u00f3rcio Intermunicipal de Desenvolvimento do Norte e Noroeste Fluminense (CIDENNF). Participaram a Guarda Civil Municipal de Quissam\u00e3 e a Secretaria Municipal de Seguran\u00e7a P\u00fablica e Tr\u00e2nsito.<\/p>\n\n\n\n<p>A reuni\u00e3o foi realizada na Secretaria Municipal de Envelhecimento Saud\u00e1vel, em S\u00e3o Jos\u00e9 de Ub\u00e1. Estiveram presentes diferentes representantes dos munic\u00edpios consorciados com o objetivo de fortalecer o di\u00e1logo e o planejamento conjunto de pol\u00edticas p\u00fablicas voltadas \u00e0 seguran\u00e7a e \u00e0 prote\u00e7\u00e3o da popula\u00e7\u00e3o.<\/p>\n\n\n\n<p>Estiveram representando Quissam\u00e3 o secret\u00e1rio municipal de Seguran\u00e7a P\u00fablica e Tr\u00e2nsito, Paulo Vitor Arquejada, o comandante da Guarda Civil Municipal, Vitor Lopes, o corregedor da GCM, Pimentel, e o GCM Venilson, que integraram a comitiva do munic\u00edpio no encontro.<\/p>\n\n\n\n<p>Arquejada destacou a import\u00e2ncia do espa\u00e7o de coopera\u00e7\u00e3o entre os munic\u00edpios:<\/p>\n\n\n\n<p>\u201cA integra\u00e7\u00e3o regional \u00e9 essencial para fortalecermos nossas pol\u00edticas de seguran\u00e7a. A troca de experi\u00eancias e o alinhamento de estrat\u00e9gias contribuem para a\u00e7\u00f5es mais eficientes e preventivas em todo o territ\u00f3rio consorciado\u201d, afirmou.<\/p>\n\n\n\n<p>O comandante da Guarda Civil Municipal, Vitor Lopes, tamb\u00e9m ressaltou o papel do di\u00e1logo conjunto:<\/p>\n\n\n\n<p>\u201cParticipar dessa primeira reuni\u00e3o \u00e9 um passo importante para ampliarmos nossa atua\u00e7\u00e3o de forma integrada, buscando sempre mais capacita\u00e7\u00e3o e resultados positivos para a popula\u00e7\u00e3o de Quissam\u00e3\u201d, declarou.<\/p>\n\n\n\n<p>A participa\u00e7\u00e3o refor\u00e7a o compromisso de Quissam\u00e3 com a integra\u00e7\u00e3o regional e o aprimoramento da gest\u00e3o em seguran\u00e7a p\u00fablica, por meio do interc\u00e2mbio de experi\u00eancias e da constru\u00e7\u00e3o de solu\u00e7\u00f5es conjuntas entre os munic\u00edpios do cons\u00f3rcio.<\/p>\n","protected":false},"excerpt":{"rendered":"<p>Quissam\u00e3 recebeu nesta quarta-feira (15) a 1\u00aa Reuni\u00e3o da C\u00e2mara T\u00e9cnica de Gest\u00e3o de Seguran\u00e7a P\u00fablica. O encontro foi promovido pelo Cons\u00f3rcio Intermunicipal de Desenvolvimento do Norte e Noroeste Fluminense (CIDENNF). Participaram a Guarda Civil Municipal de Quissam\u00e3 e a Secretaria Municipal de Seguran\u00e7a P\u00fablica e Tr\u00e2nsito. A reuni\u00e3o foi realizada na Secretaria Municipal de [&hellip;]<\/p>\n","protected":false},"author":2,"featured_media":25179,"comment_status":"open","ping_status":"open","sticky":false,"template":"","format":"standard","meta":{"footnotes":""},"categories":[5],"tags":[],"class_list":["post-25178","post","type-post","status-publish","format-standard","has-post-thumbnail","hentry","category-quissama"],"_links":{"self":[{"href":"https:\/\/blogdodanielgalvao.com.br\/site\/wp-json\/wp\/v2\/posts\/25178","targetHints":{"allow":["GET"]}}],"collection":[{"href":"https:\/\/blogdodanielgalvao.com.br\/site\/wp-json\/wp\/v2\/posts"}],"about":[{"href":"https:\/\/blogdodanielgalvao.com.br\/site\/wp-json\/wp\/v2\/types\/post"}],"author":[{"embeddable":true,"href":"https:\/\/blogdodanielgalvao.com.br\/site\/wp-json\/wp\/v2\/users\/2"}],"replies":[{"embeddable":true,"href":"https:\/\/blogdodanielgalvao.com.br\/site\/wp-json\/wp\/v2\/comments?post=25178"}],"version-history":[{"count":1,"href":"https:\/\/blogdodanielgalvao.com.br\/site\/wp-json\/wp\/v2\/posts\/25178\/revisions"}],"predecessor-version":[{"id":25180,"href":"https:\/\/blogdodanielgalvao.com.br\/site\/wp-json\/wp\/v2\/posts\/25178\/revisions\/25180"}],"wp:featuredmedia":[{"embeddable":true,"href":"https:\/\/blogdodanielgalvao.com.br\/site\/wp-json\/wp\/v2\/media\/25179"}],"wp:attachment":[{"href":"https:\/\/blogdodanielgalvao.com.br\/site\/wp-json\/wp\/v2\/media?parent=25178"}],"wp:term":[{"taxonomy":"category","embeddable":true,"href":"https:\/\/blogdodanielgalvao.com.br\/site\/wp-json\/wp\/v2\/categories?post=25178"},{"taxonomy":"post_tag","embeddable":true,"href":"https:\/\/blogdodanielgalvao.com.br\/site\/wp-json\/wp\/v2\/tags?post=25178"}],"curies":[{"name":"wp","href":"https:\/\/api.w.org\/{rel}","templated":true}]}}