{"id":25130,"date":"2025-10-14T17:57:27","date_gmt":"2025-10-14T20:57:27","guid":{"rendered":"https:\/\/blogdodanielgalvao.com.br\/site\/?p=25130"},"modified":"2025-10-14T17:57:31","modified_gmt":"2025-10-14T20:57:31","slug":"corrida-e-caminhada-outubro-rosa-novembro-azul-promove-saude-e-conscientizacao-em-macae","status":"publish","type":"post","link":"https:\/\/blogdodanielgalvao.com.br\/site\/corrida-e-caminhada-outubro-rosa-novembro-azul-promove-saude-e-conscientizacao-em-macae\/","title":{"rendered":"Corrida e Caminhada Outubro Rosa Novembro Azul promove sa\u00fade e conscientiza\u00e7\u00e3o em Maca\u00e9"},"content":{"rendered":"\n<p>Maca\u00e9 ir\u00e1 receber no pr\u00f3ximo dia 26 a 5\u00aa Corrida e Caminhada Outubro Rosa Novembro Azul. O evento ter\u00e1 o seu pontap\u00e9 inicial \u00e0s 8h, na orla da Imbetiba. Ele faz parte do calend\u00e1rio Sesc de Corridas de Rua e conta com realiza\u00e7\u00e3o do Sesc e do Instituto de Oncologia de Maca\u00e9 (IOM).<\/p>\n\n\n\n<p>O evento j\u00e1 est\u00e1 com inscri\u00e7\u00f5es abertas. Ele ser\u00e1 realizado com uma caminhada de 2,5 km e tamb\u00e9m uma corrida de 6 km. Outra atra\u00e7\u00e3o presente na programa\u00e7\u00e3o \u00e9 a corrida kids, voltada para os pequenos. O evento tem como um dos principais objetivos incentivar a pr\u00e1tica esportiva e tamb\u00e9m de exerc\u00edcios f\u00edsicos, proporcionando mais sa\u00fade para homens e mulheres.<\/p>\n\n\n\n<p>De acordo com os organizadores, os kits ser\u00e3o entregues no dia 25 de outubro, das 10 \u00e0s 18h. O local para a entrega ainda ser\u00e1 definido. Na hora da retirada \u00e9 importante que o participante apresente um documento de identidade original com foto (RG ou CNH), o comprovante de pagamento e 1kg de alimento n\u00e3o perec\u00edvel. \u00c9 obrigat\u00f3rio conferir todos os itens do kit no momento da retirada, que poder\u00e1 ser feita por terceiros, mas apenas com uma autoriza\u00e7\u00e3o espec\u00edfica para essa finalidade. Atletas que n\u00e3o moram em Maca\u00e9\/RJ poder\u00e3o retirar seus kits no dia e local da prova, entre 6h20 e 7h20.&nbsp;&nbsp;&nbsp;&nbsp;<\/p>\n","protected":false},"excerpt":{"rendered":"<p>Maca\u00e9 ir\u00e1 receber no pr\u00f3ximo dia 26 a 5\u00aa Corrida e Caminhada Outubro Rosa Novembro Azul. O evento ter\u00e1 o seu pontap\u00e9 inicial \u00e0s 8h, na orla da Imbetiba. Ele faz parte do calend\u00e1rio Sesc de Corridas de Rua e conta com realiza\u00e7\u00e3o do Sesc e do Instituto de Oncologia de Maca\u00e9 (IOM). O evento [&hellip;]<\/p>\n","protected":false},"author":2,"featured_media":25131,"comment_status":"open","ping_status":"open","sticky":false,"template":"","format":"standard","meta":{"footnotes":""},"categories":[2],"tags":[],"class_list":["post-25130","post","type-post","status-publish","format-standard","has-post-thumbnail","hentry","category-macae"],"_links":{"self":[{"href":"https:\/\/blogdodanielgalvao.com.br\/site\/wp-json\/wp\/v2\/posts\/25130","targetHints":{"allow":["GET"]}}],"collection":[{"href":"https:\/\/blogdodanielgalvao.com.br\/site\/wp-json\/wp\/v2\/posts"}],"about":[{"href":"https:\/\/blogdodanielgalvao.com.br\/site\/wp-json\/wp\/v2\/types\/post"}],"author":[{"embeddable":true,"href":"https:\/\/blogdodanielgalvao.com.br\/site\/wp-json\/wp\/v2\/users\/2"}],"replies":[{"embeddable":true,"href":"https:\/\/blogdodanielgalvao.com.br\/site\/wp-json\/wp\/v2\/comments?post=25130"}],"version-history":[{"count":1,"href":"https:\/\/blogdodanielgalvao.com.br\/site\/wp-json\/wp\/v2\/posts\/25130\/revisions"}],"predecessor-version":[{"id":25132,"href":"https:\/\/blogdodanielgalvao.com.br\/site\/wp-json\/wp\/v2\/posts\/25130\/revisions\/25132"}],"wp:featuredmedia":[{"embeddable":true,"href":"https:\/\/blogdodanielgalvao.com.br\/site\/wp-json\/wp\/v2\/media\/25131"}],"wp:attachment":[{"href":"https:\/\/blogdodanielgalvao.com.br\/site\/wp-json\/wp\/v2\/media?parent=25130"}],"wp:term":[{"taxonomy":"category","embeddable":true,"href":"https:\/\/blogdodanielgalvao.com.br\/site\/wp-json\/wp\/v2\/categories?post=25130"},{"taxonomy":"post_tag","embeddable":true,"href":"https:\/\/blogdodanielgalvao.com.br\/site\/wp-json\/wp\/v2\/tags?post=25130"}],"curies":[{"name":"wp","href":"https:\/\/api.w.org\/{rel}","templated":true}]}}