{"id":25127,"date":"2025-10-14T17:49:09","date_gmt":"2025-10-14T20:49:09","guid":{"rendered":"https:\/\/blogdodanielgalvao.com.br\/site\/?p=25127"},"modified":"2025-10-14T17:49:13","modified_gmt":"2025-10-14T20:49:13","slug":"mulheres-e-tradicao-ganham-espaco-no-festival-da-pesca-em-armacao-dos-buzios","status":"publish","type":"post","link":"https:\/\/blogdodanielgalvao.com.br\/site\/mulheres-e-tradicao-ganham-espaco-no-festival-da-pesca-em-armacao-dos-buzios\/","title":{"rendered":"Mulheres e tradi\u00e7\u00e3o ganham espa\u00e7o no Festival da Pesca em Arma\u00e7\u00e3o dos B\u00fazios"},"content":{"rendered":"\n<p>A Pra\u00e7a Santos Dumont, pr\u00f3xima \u00e0 Rua das Pedras, em Arma\u00e7\u00e3o dos B\u00fazios, ser\u00e1 palco neste s\u00e1bado (18) e domingo (19) da 2\u00aa edi\u00e7\u00e3o do Festival da Pesca \u2013 Feira de Projetos do Mar. Com entrada gratuita, o evento ter\u00e1 programa\u00e7\u00e3o das 12h \u00e0s 20h no s\u00e1bado e das 11h \u00e0s 19h no domingo, reunindo atividades que combinam ci\u00eancia, cultura cai\u00e7ara, gastronomia e educa\u00e7\u00e3o sobre a vida marinha.<\/p>\n\n\n\n<p>O Festival apresenta os resultados de projetos apoiados pelo Termo de Ajustamento de Conduta (TAC), geridos pelo FUNBIO, como os projetos Pesquisa Marinha e Pesqueira, Apoio a UCs e Educa\u00e7\u00e3o Ambiental. Ao todo, ser\u00e3o 24 quiosques com exposi\u00e7\u00f5es interativas que incluem observa\u00e7\u00e3o de animais empalhados, jogos educativos e debates sobre preserva\u00e7\u00e3o marinha, al\u00e9m de atividades pr\u00e1ticas para engajar o p\u00fablico com os saberes locais.<\/p>\n\n\n\n<p>A ci\u00eancia e a educa\u00e7\u00e3o ambiental ganham destaque no evento. Durante a primeira edi\u00e7\u00e3o, realizada na Quinta da Boa Vista, no Rio de Janeiro, os visitantes tiveram contato com animais vivos, como ouri\u00e7os e pepinos-do-mar, e participaram de jogos educativos. \u201cMuitos participantes est\u00e3o vendo esses animais pela primeira vez. Ent\u00e3o \u00e9 uma sensa\u00e7\u00e3o muito legal de contar a hist\u00f3ria evolutiva assim\u201d, afirmou Luciano Gomes Fischer, coordenador do Projeto Salvar, do Instituto NUPEM\/UFRJ.<\/p>\n\n\n\n<p>Al\u00e9m do lado cient\u00edfico, o festival valoriza a cultura e a economia local. A Associa\u00e7\u00e3o Bonecas Negras, presidida por Luciana Passos Rafael, levar\u00e1 cria\u00e7\u00f5es artesanais feitas nos cursos de costura da institui\u00e7\u00e3o, refor\u00e7ando identidade cultural e gera\u00e7\u00e3o de renda nas comunidades pesqueiras. \u201cA nossa uni\u00e3o nos sustenta, n\u00f3s fazemos acontecer atrav\u00e9s da for\u00e7a de trabalho\u201d, disse Luciana.<\/p>\n\n\n\n<p>A gastronomia tradicional tamb\u00e9m marca presen\u00e7a: a Cooperativa Mulheres Nativas de Arraial do Cabo apresentar\u00e1 um prato in\u00e9dito desenvolvido especialmente para o evento, enquanto o projeto Lagos em A\u00e7\u00e3o conecta maricultores a chefs da gastronomia contempor\u00e2nea do Rio de Janeiro, oferecendo degusta\u00e7\u00f5es de ostras e vieiras. \u201c\u00c9 uma receita que, na primeira semana em que foi lan\u00e7ada, n\u00f3s vendemos o dia todo, porque todo mundo que experimentava pedia mais\u201d, contou Margareth Juli\u00e3o, vice-presidente da cooperativa.<\/p>\n\n\n\n<p>Segundo Manuela Muanis, coordenadora de projetos no FUNBIO, o Festival busca promover o conhecimento cient\u00edfico e a educa\u00e7\u00e3o ambiental por meio da intera\u00e7\u00e3o direta com o p\u00fablico. \u201cNem sempre as pessoas t\u00eam a oportunidade de ouvir os saberes de quem trabalha com a pesca e isso desperta curiosidade e empatia\u201d, afirmou.<\/p>\n\n\n\n<p>A realiza\u00e7\u00e3o dos projetos \u00e9 uma medida compensat\u00f3ria definida pelo TAC de responsabilidade da empresa PRIO, conduzido pelo Minist\u00e9rio P\u00fablico Federal (MPF), garantindo que a preserva\u00e7\u00e3o ambiental caminhe lado a lado com o desenvolvimento da bioeconomia e do Turismo de Base Comunit\u00e1ria (TBC) na Regi\u00e3o&nbsp;dos&nbsp;Lagos.&nbsp;&nbsp;&nbsp;&nbsp;&nbsp;<\/p>\n","protected":false},"excerpt":{"rendered":"<p>A Pra\u00e7a Santos Dumont, pr\u00f3xima \u00e0 Rua das Pedras, em Arma\u00e7\u00e3o dos B\u00fazios, ser\u00e1 palco neste s\u00e1bado (18) e domingo (19) da 2\u00aa edi\u00e7\u00e3o do Festival da Pesca \u2013 Feira de Projetos do Mar. Com entrada gratuita, o evento ter\u00e1 programa\u00e7\u00e3o das 12h \u00e0s 20h no s\u00e1bado e das 11h \u00e0s 19h no domingo, reunindo [&hellip;]<\/p>\n","protected":false},"author":2,"featured_media":25128,"comment_status":"open","ping_status":"open","sticky":false,"template":"","format":"standard","meta":{"footnotes":""},"categories":[824],"tags":[],"class_list":["post-25127","post","type-post","status-publish","format-standard","has-post-thumbnail","hentry","category-buzios"],"_links":{"self":[{"href":"https:\/\/blogdodanielgalvao.com.br\/site\/wp-json\/wp\/v2\/posts\/25127","targetHints":{"allow":["GET"]}}],"collection":[{"href":"https:\/\/blogdodanielgalvao.com.br\/site\/wp-json\/wp\/v2\/posts"}],"about":[{"href":"https:\/\/blogdodanielgalvao.com.br\/site\/wp-json\/wp\/v2\/types\/post"}],"author":[{"embeddable":true,"href":"https:\/\/blogdodanielgalvao.com.br\/site\/wp-json\/wp\/v2\/users\/2"}],"replies":[{"embeddable":true,"href":"https:\/\/blogdodanielgalvao.com.br\/site\/wp-json\/wp\/v2\/comments?post=25127"}],"version-history":[{"count":1,"href":"https:\/\/blogdodanielgalvao.com.br\/site\/wp-json\/wp\/v2\/posts\/25127\/revisions"}],"predecessor-version":[{"id":25129,"href":"https:\/\/blogdodanielgalvao.com.br\/site\/wp-json\/wp\/v2\/posts\/25127\/revisions\/25129"}],"wp:featuredmedia":[{"embeddable":true,"href":"https:\/\/blogdodanielgalvao.com.br\/site\/wp-json\/wp\/v2\/media\/25128"}],"wp:attachment":[{"href":"https:\/\/blogdodanielgalvao.com.br\/site\/wp-json\/wp\/v2\/media?parent=25127"}],"wp:term":[{"taxonomy":"category","embeddable":true,"href":"https:\/\/blogdodanielgalvao.com.br\/site\/wp-json\/wp\/v2\/categories?post=25127"},{"taxonomy":"post_tag","embeddable":true,"href":"https:\/\/blogdodanielgalvao.com.br\/site\/wp-json\/wp\/v2\/tags?post=25127"}],"curies":[{"name":"wp","href":"https:\/\/api.w.org\/{rel}","templated":true}]}}