{"id":25111,"date":"2025-10-14T17:18:37","date_gmt":"2025-10-14T20:18:37","guid":{"rendered":"https:\/\/blogdodanielgalvao.com.br\/site\/?p=25111"},"modified":"2025-10-14T17:18:41","modified_gmt":"2025-10-14T20:18:41","slug":"conferencia-estadual-de-assistencia-social-tem-presenca-de-rio-das-ostras","status":"publish","type":"post","link":"https:\/\/blogdodanielgalvao.com.br\/site\/conferencia-estadual-de-assistencia-social-tem-presenca-de-rio-das-ostras\/","title":{"rendered":"Confer\u00eancia Estadual de Assist\u00eancia Social tem presen\u00e7a de Rio das Ostras"},"content":{"rendered":"\n<p>A Prefeitura de Rio das Ostras foi representada na 15\u00aa Confer\u00eancia Estadual de Assist\u00eancia Social, que aconteceu na semana passada, entre os dias 8 e 10 de outubro, na Expo Rio, no bairro Cidade Nova, no Rio de Janeiro.<\/p>\n\n\n\n<p>Com o tema \u201c20 anos do SUAS: constru\u00e7\u00e3o, prote\u00e7\u00e3o social e resist\u00eancia, o\u201d evento reuniu gestores, trabalhadores e usu\u00e1rios do Sistema \u00danico de Assist\u00eancia Social (SUAS) para debater os rumos da pol\u00edtica p\u00fablica no Estado.<\/p>\n\n\n\n<p>O munic\u00edpio foi representado pelo secret\u00e1rio de Assist\u00eancia Social, Carlos Correia J\u00fanior, e servidores da pasta, que apresentaram as demandas discutidas durante a Confer\u00eancia Municipal de Assist\u00eancia Social, realizada em junho.<\/p>\n\n\n\n<p>\u201cA nossa presen\u00e7a na Confer\u00eancia reafirma o compromisso do munic\u00edpio com uma gest\u00e3o qualificada e participativa da pol\u00edtica de Assist\u00eancia Social. Essa a\u00e7\u00e3o \u00e9 essencial para que Rio das Ostras esteja alinhada \u00e0s diretrizes nacionais e estaduais do SUAS. Esses espa\u00e7os de debate e delibera\u00e7\u00e3o s\u00e3o fundamentais para aprimorar a gest\u00e3o e garantir que a pol\u00edtica de Assist\u00eancia Social continue assegurando direitos e prote\u00e7\u00e3o \u00e0s fam\u00edlias\u201d, avaliou Carlos Correia J\u00fanior.<\/p>\n\n\n\n<p>Criado pelo governo federal em 2005, o SUAS organiza, em todo o territ\u00f3rio nacional, os servi\u00e7os, programas, projetos e benef\u00edcios socioassistenciais voltados para a prote\u00e7\u00e3o de fam\u00edlias e indiv\u00edduos em situa\u00e7\u00e3o de vulnerabilidade.<\/p>\n\n\n\n<p>\u201c\u00c9 por meio dele que estados e munic\u00edpios atuam de forma articulada, garantindo oferta p\u00fablica e gratuita de atendimento, com base em princ\u00edpios como a universaliza\u00e7\u00e3o de direitos, a equidade e o controle social\u201d, completou a prefeitura.<\/p>\n","protected":false},"excerpt":{"rendered":"<p>A Prefeitura de Rio das Ostras foi representada na 15\u00aa Confer\u00eancia Estadual de Assist\u00eancia Social, que aconteceu na semana passada, entre os dias 8 e 10 de outubro, na Expo Rio, no bairro Cidade Nova, no Rio de Janeiro. Com o tema \u201c20 anos do SUAS: constru\u00e7\u00e3o, prote\u00e7\u00e3o social e resist\u00eancia, o\u201d evento reuniu gestores, [&hellip;]<\/p>\n","protected":false},"author":2,"featured_media":25112,"comment_status":"open","ping_status":"open","sticky":false,"template":"","format":"standard","meta":{"footnotes":""},"categories":[4],"tags":[],"class_list":["post-25111","post","type-post","status-publish","format-standard","has-post-thumbnail","hentry","category-rio-das-ostras"],"_links":{"self":[{"href":"https:\/\/blogdodanielgalvao.com.br\/site\/wp-json\/wp\/v2\/posts\/25111","targetHints":{"allow":["GET"]}}],"collection":[{"href":"https:\/\/blogdodanielgalvao.com.br\/site\/wp-json\/wp\/v2\/posts"}],"about":[{"href":"https:\/\/blogdodanielgalvao.com.br\/site\/wp-json\/wp\/v2\/types\/post"}],"author":[{"embeddable":true,"href":"https:\/\/blogdodanielgalvao.com.br\/site\/wp-json\/wp\/v2\/users\/2"}],"replies":[{"embeddable":true,"href":"https:\/\/blogdodanielgalvao.com.br\/site\/wp-json\/wp\/v2\/comments?post=25111"}],"version-history":[{"count":1,"href":"https:\/\/blogdodanielgalvao.com.br\/site\/wp-json\/wp\/v2\/posts\/25111\/revisions"}],"predecessor-version":[{"id":25113,"href":"https:\/\/blogdodanielgalvao.com.br\/site\/wp-json\/wp\/v2\/posts\/25111\/revisions\/25113"}],"wp:featuredmedia":[{"embeddable":true,"href":"https:\/\/blogdodanielgalvao.com.br\/site\/wp-json\/wp\/v2\/media\/25112"}],"wp:attachment":[{"href":"https:\/\/blogdodanielgalvao.com.br\/site\/wp-json\/wp\/v2\/media?parent=25111"}],"wp:term":[{"taxonomy":"category","embeddable":true,"href":"https:\/\/blogdodanielgalvao.com.br\/site\/wp-json\/wp\/v2\/categories?post=25111"},{"taxonomy":"post_tag","embeddable":true,"href":"https:\/\/blogdodanielgalvao.com.br\/site\/wp-json\/wp\/v2\/tags?post=25111"}],"curies":[{"name":"wp","href":"https:\/\/api.w.org\/{rel}","templated":true}]}}