{"id":25110,"date":"2025-10-14T17:38:34","date_gmt":"2025-10-14T20:38:34","guid":{"rendered":"https:\/\/blogdodanielgalvao.com.br\/site\/?p=25110"},"modified":"2025-10-14T17:38:47","modified_gmt":"2025-10-14T20:38:47","slug":"escola-estadual-em-sao-pedro-da-aldeia-enfrenta-abandono-e-medo-apos-caso-de-importunacao","status":"publish","type":"post","link":"https:\/\/blogdodanielgalvao.com.br\/site\/escola-estadual-em-sao-pedro-da-aldeia-enfrenta-abandono-e-medo-apos-caso-de-importunacao\/","title":{"rendered":"Escola estadual em S\u00e3o Pedro da Aldeia enfrenta abandono e medo ap\u00f3s caso de importuna\u00e7\u00e3o"},"content":{"rendered":"\n<p>O clima \u00e9 de revolta e inseguran\u00e7a entre alunos, pais e moradores do bairro S\u00e3o Jo\u00e3o, em S\u00e3o Pedro da Aldeia, ap\u00f3s um homem ter sido flagrado cometendo um ato obsceno dentro de um Ciep estadual na manh\u00e3 de segunda-feira (13). O caso, que rapidamente se espalhou pelas redes sociais, levantou uma s\u00e9rie de cr\u00edticas sobre a aus\u00eancia de seguran\u00e7a e o abandono da unidade escolar.<\/p>\n\n\n\n<p>De acordo com os relatos, o suspeito aproveitou um trecho do muro danificado \u2014 que permite o acesso livre ao p\u00e1tio da escola \u2014 para se aproximar dos estudantes. Imagens gravadas no local mostram o homem com as m\u00e3os nas partes \u00edntimas, olhando diretamente para os alunos. O epis\u00f3dio escancarou a fragilidade da estrutura e a falta de vigil\u00e2ncia no entorno.<\/p>\n\n\n\n<p>A comunidade denuncia que o problema \u00e9 antigo. Port\u00f5es deixados abertos, mato alto e aus\u00eancia de funcion\u00e1rios respons\u00e1veis pela seguran\u00e7a s\u00e3o queixas constantes encaminhadas \u00e0 Secretaria Estadual de Educa\u00e7\u00e3o, mas, at\u00e9 o momento, sem qualquer provid\u00eancia efetiva.<\/p>\n\n\n\n<p>\u201cMoro aqui h\u00e1 anos e a situa\u00e7\u00e3o \u00e9 a mesma. A escola t\u00e1 abandonada, o muro tem buracos, o port\u00e3o vive aberto. Qualquer pessoa entra, e o pior \u00e9 que pode acontecer algo ainda mais grave\u201d, relatou uma moradora da regi\u00e3o.<\/p>\n\n\n\n<p>Ap\u00f3s o flagrante, o caso foi registrado na 125\u00aa Delegacia de Pol\u00edcia (S\u00e3o Pedro da Aldeia), que instaurou inqu\u00e9rito para apurar a ocorr\u00eancia e identificar o autor. Enquanto isso, a popula\u00e7\u00e3o segue cobrando do governo estadual medidas urgentes de reparo, vigil\u00e2ncia e seguran\u00e7a no Ciep, que se tornou s\u00edmbolo do descaso com a rede p\u00fablica de ensino&nbsp;na&nbsp;cidade.&nbsp;&nbsp;&nbsp;&nbsp; &nbsp;<\/p>\n\n\n\n<p>Foto divulga\u00e7\u00e3o: RC24H&nbsp;&nbsp;&nbsp; &nbsp;&nbsp;&nbsp;<\/p>\n","protected":false},"excerpt":{"rendered":"<p>O clima \u00e9 de revolta e inseguran\u00e7a entre alunos, pais e moradores do bairro S\u00e3o Jo\u00e3o, em S\u00e3o Pedro da Aldeia, ap\u00f3s um homem ter sido flagrado cometendo um ato obsceno dentro de um Ciep estadual na manh\u00e3 de segunda-feira (13). O caso, que rapidamente se espalhou pelas redes sociais, levantou uma s\u00e9rie de cr\u00edticas [&hellip;]<\/p>\n","protected":false},"author":2,"featured_media":25122,"comment_status":"open","ping_status":"open","sticky":false,"template":"","format":"standard","meta":{"footnotes":""},"categories":[1887],"tags":[],"class_list":["post-25110","post","type-post","status-publish","format-standard","has-post-thumbnail","hentry","category-sao-pedro-da-aldeia"],"_links":{"self":[{"href":"https:\/\/blogdodanielgalvao.com.br\/site\/wp-json\/wp\/v2\/posts\/25110","targetHints":{"allow":["GET"]}}],"collection":[{"href":"https:\/\/blogdodanielgalvao.com.br\/site\/wp-json\/wp\/v2\/posts"}],"about":[{"href":"https:\/\/blogdodanielgalvao.com.br\/site\/wp-json\/wp\/v2\/types\/post"}],"author":[{"embeddable":true,"href":"https:\/\/blogdodanielgalvao.com.br\/site\/wp-json\/wp\/v2\/users\/2"}],"replies":[{"embeddable":true,"href":"https:\/\/blogdodanielgalvao.com.br\/site\/wp-json\/wp\/v2\/comments?post=25110"}],"version-history":[{"count":1,"href":"https:\/\/blogdodanielgalvao.com.br\/site\/wp-json\/wp\/v2\/posts\/25110\/revisions"}],"predecessor-version":[{"id":25123,"href":"https:\/\/blogdodanielgalvao.com.br\/site\/wp-json\/wp\/v2\/posts\/25110\/revisions\/25123"}],"wp:featuredmedia":[{"embeddable":true,"href":"https:\/\/blogdodanielgalvao.com.br\/site\/wp-json\/wp\/v2\/media\/25122"}],"wp:attachment":[{"href":"https:\/\/blogdodanielgalvao.com.br\/site\/wp-json\/wp\/v2\/media?parent=25110"}],"wp:term":[{"taxonomy":"category","embeddable":true,"href":"https:\/\/blogdodanielgalvao.com.br\/site\/wp-json\/wp\/v2\/categories?post=25110"},{"taxonomy":"post_tag","embeddable":true,"href":"https:\/\/blogdodanielgalvao.com.br\/site\/wp-json\/wp\/v2\/tags?post=25110"}],"curies":[{"name":"wp","href":"https:\/\/api.w.org\/{rel}","templated":true}]}}