{"id":25107,"date":"2025-10-14T17:04:25","date_gmt":"2025-10-14T20:04:25","guid":{"rendered":"https:\/\/blogdodanielgalvao.com.br\/site\/?p=25107"},"modified":"2025-10-14T17:04:30","modified_gmt":"2025-10-14T20:04:30","slug":"queda-de-energia-paralisa-atendimentos-na-secretaria-de-administracao-de-arraial-do-cabo","status":"publish","type":"post","link":"https:\/\/blogdodanielgalvao.com.br\/site\/queda-de-energia-paralisa-atendimentos-na-secretaria-de-administracao-de-arraial-do-cabo\/","title":{"rendered":"Queda de energia paralisa atendimentos na Secretaria de Administra\u00e7\u00e3o de Arraial do Cabo"},"content":{"rendered":"\n<p>A Prefeitura de Arraial do Cabo anunciou, na manh\u00e3 desta ter\u00e7a-feira (14), a suspens\u00e3o tempor\u00e1ria do atendimento ao p\u00fablico na sede da Secretaria Municipal de Administra\u00e7\u00e3o. A medida foi adotada em virtude de uma falha externa no fornecimento de energia el\u00e9trica, que afetou diretamente o funcionamento do pr\u00e9dio e dos sistemas de comunica\u00e7\u00e3o.<\/p>\n\n\n\n<p>De acordo com a Prefeitura, o problema foi identificado logo nas primeiras horas da manh\u00e3, comprometendo n\u00e3o apenas o atendimento presencial, mas tamb\u00e9m os canais digitais de contato. O servi\u00e7o de WhatsApp, utilizado para informa\u00e7\u00f5es e solicita\u00e7\u00f5es de servidores e cidad\u00e3os, est\u00e1 fora do ar, assim como a rede wi-fi do local. O sinal de telefonia m\u00f3vel, por sua vez, apresenta instabilidade em boa parte da cidade, dificultando a comunica\u00e7\u00e3o entre os setores administrativos e o p\u00fablico.<\/p>\n\n\n\n<p>A concession\u00e1ria respons\u00e1vel pelo fornecimento de energia foi imediatamente acionada para solucionar a ocorr\u00eancia. No entanto, at\u00e9 o momento, n\u00e3o h\u00e1 previs\u00e3o oficial para o restabelecimento completo do servi\u00e7o. T\u00e9cnicos trabalham para identificar a origem do problema e normalizar o sistema o mais r\u00e1pido poss\u00edvel.<\/p>\n\n\n\n<p>Mesmo diante das limita\u00e7\u00f5es, a Secretaria de Administra\u00e7\u00e3o informou que est\u00e1 organizando protocolos internos para retomar as atividades assim que a energia for restabelecida. Servidores que dependem de sistemas digitais e equipamentos el\u00e9tricos est\u00e3o com o expediente temporariamente suspenso, enquanto setores menos afetados seguem atuando de forma restrita.<\/p>\n\n\n\n<p>A Prefeitura de Arraial do Cabo refor\u00e7ou que a suspens\u00e3o \u00e9 uma medida preventiva e necess\u00e1ria para garantir a seguran\u00e7a dos servidores e do p\u00fablico durante o per\u00edodo de instabilidade el\u00e9trica. O governo municipal agradeceu a compreens\u00e3o da popula\u00e7\u00e3o e destacou que todos os servi\u00e7os ser\u00e3o retomados de maneira regular assim que o fornecimento for normalizado.<\/p>\n\n\n\n<p>A administra\u00e7\u00e3o tamb\u00e9m alertou que oscila\u00e7\u00f5es no sistema el\u00e9trico podem causar danos a equipamentos e instabilidade em redes de comunica\u00e7\u00e3o, o que refor\u00e7a a import\u00e2ncia da manuten\u00e7\u00e3o preventiva e da atua\u00e7\u00e3o r\u00e1pida da concession\u00e1ria&nbsp;respons\u00e1vel.&nbsp;&nbsp;&nbsp;&nbsp; &nbsp;<\/p>\n","protected":false},"excerpt":{"rendered":"<p>A Prefeitura de Arraial do Cabo anunciou, na manh\u00e3 desta ter\u00e7a-feira (14), a suspens\u00e3o tempor\u00e1ria do atendimento ao p\u00fablico na sede da Secretaria Municipal de Administra\u00e7\u00e3o. A medida foi adotada em virtude de uma falha externa no fornecimento de energia el\u00e9trica, que afetou diretamente o funcionamento do pr\u00e9dio e dos sistemas de comunica\u00e7\u00e3o. De acordo [&hellip;]<\/p>\n","protected":false},"author":2,"featured_media":25108,"comment_status":"open","ping_status":"open","sticky":false,"template":"","format":"standard","meta":{"footnotes":""},"categories":[838,2981],"tags":[],"class_list":["post-25107","post","type-post","status-publish","format-standard","has-post-thumbnail","hentry","category-arraial-do-cabo","category-destaque-noticia-3"],"_links":{"self":[{"href":"https:\/\/blogdodanielgalvao.com.br\/site\/wp-json\/wp\/v2\/posts\/25107","targetHints":{"allow":["GET"]}}],"collection":[{"href":"https:\/\/blogdodanielgalvao.com.br\/site\/wp-json\/wp\/v2\/posts"}],"about":[{"href":"https:\/\/blogdodanielgalvao.com.br\/site\/wp-json\/wp\/v2\/types\/post"}],"author":[{"embeddable":true,"href":"https:\/\/blogdodanielgalvao.com.br\/site\/wp-json\/wp\/v2\/users\/2"}],"replies":[{"embeddable":true,"href":"https:\/\/blogdodanielgalvao.com.br\/site\/wp-json\/wp\/v2\/comments?post=25107"}],"version-history":[{"count":1,"href":"https:\/\/blogdodanielgalvao.com.br\/site\/wp-json\/wp\/v2\/posts\/25107\/revisions"}],"predecessor-version":[{"id":25109,"href":"https:\/\/blogdodanielgalvao.com.br\/site\/wp-json\/wp\/v2\/posts\/25107\/revisions\/25109"}],"wp:featuredmedia":[{"embeddable":true,"href":"https:\/\/blogdodanielgalvao.com.br\/site\/wp-json\/wp\/v2\/media\/25108"}],"wp:attachment":[{"href":"https:\/\/blogdodanielgalvao.com.br\/site\/wp-json\/wp\/v2\/media?parent=25107"}],"wp:term":[{"taxonomy":"category","embeddable":true,"href":"https:\/\/blogdodanielgalvao.com.br\/site\/wp-json\/wp\/v2\/categories?post=25107"},{"taxonomy":"post_tag","embeddable":true,"href":"https:\/\/blogdodanielgalvao.com.br\/site\/wp-json\/wp\/v2\/tags?post=25107"}],"curies":[{"name":"wp","href":"https:\/\/api.w.org\/{rel}","templated":true}]}}