{"id":25093,"date":"2025-10-14T16:19:17","date_gmt":"2025-10-14T19:19:17","guid":{"rendered":"https:\/\/blogdodanielgalvao.com.br\/site\/?p=25093"},"modified":"2025-10-14T16:19:20","modified_gmt":"2025-10-14T19:19:20","slug":"motoristas-de-app-participam-de-audiencia-sobre-regulamentacao-em-cabo-frio","status":"publish","type":"post","link":"https:\/\/blogdodanielgalvao.com.br\/site\/motoristas-de-app-participam-de-audiencia-sobre-regulamentacao-em-cabo-frio\/","title":{"rendered":"Motoristas de app participam de audi\u00eancia sobre regulamenta\u00e7\u00e3o em Cabo Frio"},"content":{"rendered":"\n<p>A Prefeitura de Cabo Frio realizou, nesta segunda-feira (13), uma audi\u00eancia p\u00fablica voltada aos motoristas de aplicativo que atuam na Regi\u00e3o dos Lagos. O encontro, conduzido pelo prefeito Dr. Serginho, aconteceu na Pra\u00e7a Tiradentes, em frente \u00e0 sede do Executivo municipal, e contou com a presen\u00e7a de profissionais de Cabo Frio, S\u00e3o Pedro da Aldeia, Arraial do Cabo, B\u00fazios e Iguaba Grande. A reuni\u00e3o teve como foco o alinhamento das normas de atua\u00e7\u00e3o, o refor\u00e7o das medidas de ordenamento do transporte tur\u00edstico e o di\u00e1logo direto com a categoria.<\/p>\n\n\n\n<p>Durante a audi\u00eancia, o prefeito destacou que os motoristas de aplicativo t\u00eam liberdade para trabalhar em Cabo Frio, desde que estejam com o aplicativo ativo e em corrida, conforme determina a legisla\u00e7\u00e3o municipal de mobilidade. Ele refor\u00e7ou que a fiscaliza\u00e7\u00e3o prioriza o transporte ligado ao Terminal de \u00d4nibus de Turismo (TOT).<\/p>\n\n\n\n<p>\u201cCom o aplicativo ligado e passageiro identificado, quem estiver dentro das normas ser\u00e1 bem-vindo para trabalhar. Nosso objetivo \u00e9 organizar o sistema, n\u00e3o prejudicar o trabalhador\u201d, afirmou Dr. Serginho.<\/p>\n\n\n\n<p>Ap\u00f3s ouvir as reivindica\u00e7\u00f5es dos motoristas, o prefeito anunciou que estudar\u00e1 a cria\u00e7\u00e3o de um aplicativo municipal para integrar os profissionais da regi\u00e3o, com cadastro e QR Code de identifica\u00e7\u00e3o.<\/p>\n\n\n\n<p>Outro ponto abordado foi o transporte intermunicipal por t\u00e1xi, que deve seguir a regra do uso obrigat\u00f3rio do tax\u00edmetro, conforme a regulamenta\u00e7\u00e3o vigente. Tamb\u00e9m foi discutida a cria\u00e7\u00e3o de \u00e1reas exclusivas para embarque e desembarque durante eventos na cidade, tema que ser\u00e1 avaliado junto \u00e0 Secretaria de Mobilidade Urbana.<\/p>\n\n\n\n<p>O ordenamento do transporte tur\u00edstico integra o processo de reestrutura\u00e7\u00e3o urbana iniciado em janeiro. As a\u00e7\u00f5es de fiscaliza\u00e7\u00e3o seguem sob responsabilidade dos agentes da Secretaria de Mobilidade Urbana e da Guarda Civil Municipal, vinculada \u00e0 Secretaria de Seguran\u00e7a e&nbsp;Ordem&nbsp;P\u00fablica.&nbsp;&nbsp;&nbsp;&nbsp;<\/p>\n","protected":false},"excerpt":{"rendered":"<p>A Prefeitura de Cabo Frio realizou, nesta segunda-feira (13), uma audi\u00eancia p\u00fablica voltada aos motoristas de aplicativo que atuam na Regi\u00e3o dos Lagos. O encontro, conduzido pelo prefeito Dr. Serginho, aconteceu na Pra\u00e7a Tiradentes, em frente \u00e0 sede do Executivo municipal, e contou com a presen\u00e7a de profissionais de Cabo Frio, S\u00e3o Pedro da Aldeia, [&hellip;]<\/p>\n","protected":false},"author":2,"featured_media":25099,"comment_status":"open","ping_status":"open","sticky":false,"template":"","format":"standard","meta":{"footnotes":""},"categories":[340],"tags":[],"class_list":["post-25093","post","type-post","status-publish","format-standard","has-post-thumbnail","hentry","category-cabo-frio"],"_links":{"self":[{"href":"https:\/\/blogdodanielgalvao.com.br\/site\/wp-json\/wp\/v2\/posts\/25093","targetHints":{"allow":["GET"]}}],"collection":[{"href":"https:\/\/blogdodanielgalvao.com.br\/site\/wp-json\/wp\/v2\/posts"}],"about":[{"href":"https:\/\/blogdodanielgalvao.com.br\/site\/wp-json\/wp\/v2\/types\/post"}],"author":[{"embeddable":true,"href":"https:\/\/blogdodanielgalvao.com.br\/site\/wp-json\/wp\/v2\/users\/2"}],"replies":[{"embeddable":true,"href":"https:\/\/blogdodanielgalvao.com.br\/site\/wp-json\/wp\/v2\/comments?post=25093"}],"version-history":[{"count":1,"href":"https:\/\/blogdodanielgalvao.com.br\/site\/wp-json\/wp\/v2\/posts\/25093\/revisions"}],"predecessor-version":[{"id":25100,"href":"https:\/\/blogdodanielgalvao.com.br\/site\/wp-json\/wp\/v2\/posts\/25093\/revisions\/25100"}],"wp:featuredmedia":[{"embeddable":true,"href":"https:\/\/blogdodanielgalvao.com.br\/site\/wp-json\/wp\/v2\/media\/25099"}],"wp:attachment":[{"href":"https:\/\/blogdodanielgalvao.com.br\/site\/wp-json\/wp\/v2\/media?parent=25093"}],"wp:term":[{"taxonomy":"category","embeddable":true,"href":"https:\/\/blogdodanielgalvao.com.br\/site\/wp-json\/wp\/v2\/categories?post=25093"},{"taxonomy":"post_tag","embeddable":true,"href":"https:\/\/blogdodanielgalvao.com.br\/site\/wp-json\/wp\/v2\/tags?post=25093"}],"curies":[{"name":"wp","href":"https:\/\/api.w.org\/{rel}","templated":true}]}}