{"id":25092,"date":"2025-10-14T16:12:29","date_gmt":"2025-10-14T19:12:29","guid":{"rendered":"https:\/\/blogdodanielgalvao.com.br\/site\/?p=25092"},"modified":"2025-10-14T16:12:33","modified_gmt":"2025-10-14T19:12:33","slug":"saude-de-carapebus-e-referencia-em-acoes-de-prevencao-e-cuidado-com-a-populacao","status":"publish","type":"post","link":"https:\/\/blogdodanielgalvao.com.br\/site\/saude-de-carapebus-e-referencia-em-acoes-de-prevencao-e-cuidado-com-a-populacao\/","title":{"rendered":"Sa\u00fade de Carapebus \u00e9 refer\u00eancia em a\u00e7\u00f5es de preven\u00e7\u00e3o e cuidado com a popula\u00e7\u00e3o"},"content":{"rendered":"\n<p>Carapebus vem realizando diversas a\u00e7\u00f5es em prol da sa\u00fade. Nesta semana, a equipe da ESF Ub\u00e1s, An\u00edsia Prata Vicente promoveu uma importante mobiliza\u00e7\u00e3o dentro da campanha Outubro Verde. A iniciativa teve como foco a preven\u00e7\u00e3o e conscientiza\u00e7\u00e3o sobre a s\u00edfilis e a s\u00edfilis cong\u00eanita.<\/p>\n\n\n\n<p>A a\u00e7\u00e3o foi conduzida pelas coordena\u00e7\u00f5es dos Programas de ISTs e Sa\u00fade da Mulher, que levaram informa\u00e7\u00f5es, orienta\u00e7\u00f5es e testes r\u00e1pidos \u00e0 comunidade. E no pr\u00f3ximo dia 27 a unidade ir\u00e1 receber uma nova atividade, desta vez voltada para o Outubro Rosa. Na ocasi\u00e3o, o foco ser\u00e1 o combate ao c\u00e2ncer de mama. A proposta \u00e9 fortalecer o autocuidado e incentivar o diagn\u00f3stico precoce, que aumenta as chances de cura e salva vidas.<\/p>\n\n\n\n<p>O secret\u00e1rio municipal de Sa\u00fade, Marcelo Queiroz, destacou o empenho das equipes e o compromisso das coordena\u00e7\u00f5es da SEMSA. \u201cAs a\u00e7\u00f5es de outubro mostram o quanto nossas equipes est\u00e3o comprometidas com o bem-estar da popula\u00e7\u00e3o. A cada campanha, conseguimos ampliar o acesso aos servi\u00e7os e refor\u00e7ar a qualidade do trabalho que tem sido refer\u00eancia para outros munic\u00edpios. Muitas cidades v\u00eam at\u00e9 Carapebus para conhecer nossa forma de gest\u00e3o e o modelo que adotamos na Aten\u00e7\u00e3o B\u00e1sica\u201d, afirmou.<\/p>\n\n\n\n<p>Marcelo tamb\u00e9m agradeceu ao prefeito Bernard Tavares pelo apoio e confian\u00e7a na \u00e1rea da sa\u00fade. \u201cO prefeito tem sido um grande parceiro por entender que investir na sa\u00fade \u00e9 investir nas pessoas. Ele acredita no nosso trabalho e tem priorizado a capacita\u00e7\u00e3o dos profissionais, o que reflete diretamente no atendimento oferecido \u00e0 popula\u00e7\u00e3o\u201d, completou.<\/p>\n\n\n\n<p>A Secretaria de Sa\u00fade de Carapebus segue refor\u00e7ando o compromisso em cuidar de quem mais precisa ao levar a\u00e7\u00f5es que se multiplicam em diferentes bairros.<\/p>\n","protected":false},"excerpt":{"rendered":"<p>Carapebus vem realizando diversas a\u00e7\u00f5es em prol da sa\u00fade. Nesta semana, a equipe da ESF Ub\u00e1s, An\u00edsia Prata Vicente promoveu uma importante mobiliza\u00e7\u00e3o dentro da campanha Outubro Verde. A iniciativa teve como foco a preven\u00e7\u00e3o e conscientiza\u00e7\u00e3o sobre a s\u00edfilis e a s\u00edfilis cong\u00eanita. A a\u00e7\u00e3o foi conduzida pelas coordena\u00e7\u00f5es dos Programas de ISTs e [&hellip;]<\/p>\n","protected":false},"author":2,"featured_media":25094,"comment_status":"open","ping_status":"open","sticky":false,"template":"","format":"standard","meta":{"footnotes":""},"categories":[7],"tags":[],"class_list":["post-25092","post","type-post","status-publish","format-standard","has-post-thumbnail","hentry","category-carapebus"],"_links":{"self":[{"href":"https:\/\/blogdodanielgalvao.com.br\/site\/wp-json\/wp\/v2\/posts\/25092","targetHints":{"allow":["GET"]}}],"collection":[{"href":"https:\/\/blogdodanielgalvao.com.br\/site\/wp-json\/wp\/v2\/posts"}],"about":[{"href":"https:\/\/blogdodanielgalvao.com.br\/site\/wp-json\/wp\/v2\/types\/post"}],"author":[{"embeddable":true,"href":"https:\/\/blogdodanielgalvao.com.br\/site\/wp-json\/wp\/v2\/users\/2"}],"replies":[{"embeddable":true,"href":"https:\/\/blogdodanielgalvao.com.br\/site\/wp-json\/wp\/v2\/comments?post=25092"}],"version-history":[{"count":1,"href":"https:\/\/blogdodanielgalvao.com.br\/site\/wp-json\/wp\/v2\/posts\/25092\/revisions"}],"predecessor-version":[{"id":25095,"href":"https:\/\/blogdodanielgalvao.com.br\/site\/wp-json\/wp\/v2\/posts\/25092\/revisions\/25095"}],"wp:featuredmedia":[{"embeddable":true,"href":"https:\/\/blogdodanielgalvao.com.br\/site\/wp-json\/wp\/v2\/media\/25094"}],"wp:attachment":[{"href":"https:\/\/blogdodanielgalvao.com.br\/site\/wp-json\/wp\/v2\/media?parent=25092"}],"wp:term":[{"taxonomy":"category","embeddable":true,"href":"https:\/\/blogdodanielgalvao.com.br\/site\/wp-json\/wp\/v2\/categories?post=25092"},{"taxonomy":"post_tag","embeddable":true,"href":"https:\/\/blogdodanielgalvao.com.br\/site\/wp-json\/wp\/v2\/tags?post=25092"}],"curies":[{"name":"wp","href":"https:\/\/api.w.org\/{rel}","templated":true}]}}