{"id":25089,"date":"2025-10-14T16:02:12","date_gmt":"2025-10-14T19:02:12","guid":{"rendered":"https:\/\/blogdodanielgalvao.com.br\/site\/?p=25089"},"modified":"2025-10-14T16:31:45","modified_gmt":"2025-10-14T19:31:45","slug":"capacitacao-com-gep-do-rio-reforca-preparo-da-guarda-civil-em-cabo-frio","status":"publish","type":"post","link":"https:\/\/blogdodanielgalvao.com.br\/site\/capacitacao-com-gep-do-rio-reforca-preparo-da-guarda-civil-em-cabo-frio\/","title":{"rendered":"Capacita\u00e7\u00e3o com GEP do Rio refor\u00e7a preparo da Guarda Civil em Cabo Frio"},"content":{"rendered":"\n<p>Ap\u00f3s nove horas de treinamento em condi\u00e7\u00f5es adversas na Praia do Aterro do Flamengo, no Rio de Janeiro, os 27 integrantes do Grupamento Operacional de Praia (GOP) da Guarda Civil Municipal de Cabo Frio finalizaram uma intensa capacita\u00e7\u00e3o t\u00e1tico-operacional. O esfor\u00e7o dos agentes foi celebrado nesta ter\u00e7a-feira (14), em solenidade realizada em frente \u00e0 base do grupamento, na Pra\u00e7a dos Quiosques, na Praia do Forte.<\/p>\n\n\n\n<p>O curso foi ministrado pelo Grupamento Especial de Praia (GEP) da Guarda Municipal do Rio, que tamb\u00e9m participou da cerim\u00f4nia em Cabo Frio. O treinamento incluiu t\u00e9cnicas de abordagem, embarque e desembarque, nata\u00e7\u00e3o utilit\u00e1ria, defesa pessoal e procedimentos operacionais aplic\u00e1veis a \u00e1reas de praia.<\/p>\n\n\n\n<p>O secret\u00e1rio de Seguran\u00e7a e Ordem P\u00fablica, coronel Leandro Carvalho, ressaltou a import\u00e2ncia da troca de experi\u00eancias entre os dois grupamentos e elogiou o empenho dos agentes cabo-frienses.<\/p>\n\n\n\n<p>&#8220;Essa capacita\u00e7\u00e3o foi essencial. Al\u00e9m de aprimorar o trabalho na orla, fortalece o comprometimento e a miss\u00e3o dos nossos guardas. Eles retornaram com nova vis\u00e3o e ainda mais preparados para atuar com seguran\u00e7a e efici\u00eancia&#8221;, afirmou.<\/p>\n\n\n\n<p>O comandante do GOP, inspetor Rodrigo Franklin, tamb\u00e9m destacou o aprendizado adquirido e a dedica\u00e7\u00e3o do grupamento.<\/p>\n\n\n\n<p>&#8220;Foi um treinamento intenso e de grande aproveitamento. Levamos ensinamentos importantes para nossa realidade, refor\u00e7ando o objetivo de manter Cabo Frio como uma das praias mais seguras do Brasil&#8221;, disse.<\/p>\n\n\n\n<p>O subinspetor Hamilton Marques, representando o GEP do Rio, elogiou a performance dos agentes cabo-frienses durante o curso.<\/p>\n\n\n\n<p>&#8220;Conhecimento n\u00e3o ocupa espa\u00e7o. Esse treinamento foi exaustivo, mas de enorme valor. Todos os agentes de Cabo Frio atuaram de forma exemplar, unidos e dedicados. Dar nota ao grupamento? 10&#8221;, afirmou.<\/p>\n\n\n\n<p>O inspetor-geral da Guarda Civil Municipal, \u00c2ngelo Amaral, tamb\u00e9m parabenizou o GOP pelo desempenho.<\/p>\n\n\n\n<p>&#8220;O trabalho na praia exige dedica\u00e7\u00e3o, aten\u00e7\u00e3o e uni\u00e3o. Voc\u00eas mostraram comprometimento desde o in\u00edcio, enfrentando desafios e superando limites. Reconhe\u00e7o o excelente desempenho de cada agente e a condu\u00e7\u00e3o exemplar do Franklin \u00e0 frente do grupamento. Com essa postura, seguimos fortalecendo a Guarda para servir melhor nossa cidade&#8221;, destacou.<\/p>\n\n\n\n<p>O Grupamento Operacional de Praia atua diariamente na orla da Praia do Forte, garantindo a seguran\u00e7a de banhistas, ordenando a faixa de areia e apoiando a\u00e7\u00f5es integradas da Secretaria de Seguran\u00e7a e Ordem P\u00fablica e da Secretaria Adjunta de Licenciamento&nbsp;e&nbsp;Fiscaliza\u00e7\u00e3o.&nbsp;&nbsp;&nbsp;&nbsp;&nbsp;<\/p>\n","protected":false},"excerpt":{"rendered":"<p>Ap\u00f3s nove horas de treinamento em condi\u00e7\u00f5es adversas na Praia do Aterro do Flamengo, no Rio de Janeiro, os 27 integrantes do Grupamento Operacional de Praia (GOP) da Guarda Civil Municipal de Cabo Frio finalizaram uma intensa capacita\u00e7\u00e3o t\u00e1tico-operacional. O esfor\u00e7o dos agentes foi celebrado nesta ter\u00e7a-feira (14), em solenidade realizada em frente \u00e0 base [&hellip;]<\/p>\n","protected":false},"author":2,"featured_media":25102,"comment_status":"open","ping_status":"open","sticky":false,"template":"","format":"standard","meta":{"footnotes":""},"categories":[340],"tags":[],"class_list":["post-25089","post","type-post","status-publish","format-standard","has-post-thumbnail","hentry","category-cabo-frio"],"_links":{"self":[{"href":"https:\/\/blogdodanielgalvao.com.br\/site\/wp-json\/wp\/v2\/posts\/25089","targetHints":{"allow":["GET"]}}],"collection":[{"href":"https:\/\/blogdodanielgalvao.com.br\/site\/wp-json\/wp\/v2\/posts"}],"about":[{"href":"https:\/\/blogdodanielgalvao.com.br\/site\/wp-json\/wp\/v2\/types\/post"}],"author":[{"embeddable":true,"href":"https:\/\/blogdodanielgalvao.com.br\/site\/wp-json\/wp\/v2\/users\/2"}],"replies":[{"embeddable":true,"href":"https:\/\/blogdodanielgalvao.com.br\/site\/wp-json\/wp\/v2\/comments?post=25089"}],"version-history":[{"count":1,"href":"https:\/\/blogdodanielgalvao.com.br\/site\/wp-json\/wp\/v2\/posts\/25089\/revisions"}],"predecessor-version":[{"id":25091,"href":"https:\/\/blogdodanielgalvao.com.br\/site\/wp-json\/wp\/v2\/posts\/25089\/revisions\/25091"}],"wp:featuredmedia":[{"embeddable":true,"href":"https:\/\/blogdodanielgalvao.com.br\/site\/wp-json\/wp\/v2\/media\/25102"}],"wp:attachment":[{"href":"https:\/\/blogdodanielgalvao.com.br\/site\/wp-json\/wp\/v2\/media?parent=25089"}],"wp:term":[{"taxonomy":"category","embeddable":true,"href":"https:\/\/blogdodanielgalvao.com.br\/site\/wp-json\/wp\/v2\/categories?post=25089"},{"taxonomy":"post_tag","embeddable":true,"href":"https:\/\/blogdodanielgalvao.com.br\/site\/wp-json\/wp\/v2\/tags?post=25089"}],"curies":[{"name":"wp","href":"https:\/\/api.w.org\/{rel}","templated":true}]}}