{"id":25053,"date":"2025-10-13T17:54:36","date_gmt":"2025-10-13T20:54:36","guid":{"rendered":"https:\/\/blogdodanielgalvao.com.br\/site\/?p=25053"},"modified":"2025-10-13T17:54:39","modified_gmt":"2025-10-13T20:54:39","slug":"policia-prende-suspeito-por-dano-ao-patrimonio-apos-vandalismo-em-praca-de-macae","status":"publish","type":"post","link":"https:\/\/blogdodanielgalvao.com.br\/site\/policia-prende-suspeito-por-dano-ao-patrimonio-apos-vandalismo-em-praca-de-macae\/","title":{"rendered":"Pol\u00edcia prende suspeito por dano ao patrim\u00f4nio ap\u00f3s vandalismo em pra\u00e7a de Maca\u00e9"},"content":{"rendered":"\n<p>Um homem que vandalizou as c\u00e2meras de monitoramento em Maca\u00e9 acabou preso. A pris\u00e3o foi poss\u00edvel justamente por conta do sistema de c\u00e2meras implementado na cidade que ajudou a registrar o momento em que o mesmo subiu na torre para quebrar o equipamento.<\/p>\n\n\n\n<p>O vandalismo aconteceu na pra\u00e7a principal do Aeroporto. Ap\u00f3s o ato, policiais militares que atuavam na base fixa da regi\u00e3o deram in\u00edcio as buscas pelo homem, que foi rapidamente localizado na Pra\u00e7a Vira Copos.<\/p>\n\n\n\n<p>De acordo com a pol\u00edcia, o homem tem 23 anos e possui anota\u00e7\u00e3o criminal por tr\u00e1fico de drogas. Ele foi preso em flagrante pelo crime de dano ao patrim\u00f4nio p\u00fablico e agora ficar\u00e1 \u00e0 disposi\u00e7\u00e3o da Justi\u00e7a.<\/p>\n","protected":false},"excerpt":{"rendered":"<p>Um homem que vandalizou as c\u00e2meras de monitoramento em Maca\u00e9 acabou preso. A pris\u00e3o foi poss\u00edvel justamente por conta do sistema de c\u00e2meras implementado na cidade que ajudou a registrar o momento em que o mesmo subiu na torre para quebrar o equipamento. O vandalismo aconteceu na pra\u00e7a principal do Aeroporto. Ap\u00f3s o ato, policiais [&hellip;]<\/p>\n","protected":false},"author":2,"featured_media":25054,"comment_status":"open","ping_status":"open","sticky":false,"template":"","format":"standard","meta":{"footnotes":""},"categories":[1899],"tags":[494],"class_list":["post-25053","post","type-post","status-publish","format-standard","has-post-thumbnail","hentry","category-policia","tag-policia"],"_links":{"self":[{"href":"https:\/\/blogdodanielgalvao.com.br\/site\/wp-json\/wp\/v2\/posts\/25053","targetHints":{"allow":["GET"]}}],"collection":[{"href":"https:\/\/blogdodanielgalvao.com.br\/site\/wp-json\/wp\/v2\/posts"}],"about":[{"href":"https:\/\/blogdodanielgalvao.com.br\/site\/wp-json\/wp\/v2\/types\/post"}],"author":[{"embeddable":true,"href":"https:\/\/blogdodanielgalvao.com.br\/site\/wp-json\/wp\/v2\/users\/2"}],"replies":[{"embeddable":true,"href":"https:\/\/blogdodanielgalvao.com.br\/site\/wp-json\/wp\/v2\/comments?post=25053"}],"version-history":[{"count":1,"href":"https:\/\/blogdodanielgalvao.com.br\/site\/wp-json\/wp\/v2\/posts\/25053\/revisions"}],"predecessor-version":[{"id":25055,"href":"https:\/\/blogdodanielgalvao.com.br\/site\/wp-json\/wp\/v2\/posts\/25053\/revisions\/25055"}],"wp:featuredmedia":[{"embeddable":true,"href":"https:\/\/blogdodanielgalvao.com.br\/site\/wp-json\/wp\/v2\/media\/25054"}],"wp:attachment":[{"href":"https:\/\/blogdodanielgalvao.com.br\/site\/wp-json\/wp\/v2\/media?parent=25053"}],"wp:term":[{"taxonomy":"category","embeddable":true,"href":"https:\/\/blogdodanielgalvao.com.br\/site\/wp-json\/wp\/v2\/categories?post=25053"},{"taxonomy":"post_tag","embeddable":true,"href":"https:\/\/blogdodanielgalvao.com.br\/site\/wp-json\/wp\/v2\/tags?post=25053"}],"curies":[{"name":"wp","href":"https:\/\/api.w.org\/{rel}","templated":true}]}}