{"id":24872,"date":"2025-10-09T10:39:31","date_gmt":"2025-10-09T13:39:31","guid":{"rendered":"https:\/\/blogdodanielgalvao.com.br\/site\/?p=24872"},"modified":"2025-10-09T10:39:35","modified_gmt":"2025-10-09T13:39:35","slug":"processo-de-credenciamento-de-artistas-comeca-nessa-sexta-10-em-rio-das-ostras","status":"publish","type":"post","link":"https:\/\/blogdodanielgalvao.com.br\/site\/processo-de-credenciamento-de-artistas-comeca-nessa-sexta-10-em-rio-das-ostras\/","title":{"rendered":"Processo de credenciamento de artistas come\u00e7a nessa sexta (10) em Rio das Ostras"},"content":{"rendered":"\n<p>Come\u00e7a nessa sexta-feira, 10, o credenciamento de artistas, grupos e demais profissionais do setor cultural de Rio das Ostras, visando a qualifica\u00e7\u00e3o para futuras contrata\u00e7\u00f5es e participa\u00e7\u00f5es em eventos culturais da cidade.<\/p>\n\n\n\n<p>Realizado pela Funda\u00e7\u00e3o Rio das Ostras de Cultura (Froc), o processo teve seu edital divulgado no \u00faltimo dia 26 de setembro, atrav\u00e9s do Jornal Oficial n\u00ba 1.869, e tem inscri\u00e7\u00f5es pelo site da Froc, <a href=\"https:\/\/fundacaoriodasostrasdecultura.rj.gov.br\/\">https:\/\/fundacaoriodasostrasdecultura.rj.gov.br<\/a>.<\/p>\n\n\n\n<p>O credenciamento \u00e9 aberto para as categorias, atores e atrizes, contadores de hist\u00f3ria, m\u00fasicos solo, DJs, artistas pl\u00e1sticos, bailarinos e bailarinas, e artistas circenses, al\u00e9m de uma categoria espec\u00edfica para grupos de diferentes modalidades art\u00edsticas.<\/p>\n\n\n\n<p>De acordo com a prefeitura, o processo visa a qualifica\u00e7\u00e3o de artistas, grupos e profissionais do setor atuantes no munic\u00edpio para futuras contrata\u00e7\u00f5es e participa\u00e7\u00e3o em eventos p\u00fablicos promovidos ou apoiados pela Froc e prefeitura.&nbsp;<\/p>\n\n\n\n<p>O munic\u00edpio justificou ainda que o processo, que tem validade de 24 meses, entre outubro de 2025 e outubro de 2027, e pode ser prorrogado por igual per\u00edodo.<\/p>\n\n\n\n<p>\u201cA legisla\u00e7\u00e3o entende que a contrata\u00e7\u00e3o deve respeitar a singularidade e o talento de artistas em particular, por isso n\u00e3o cabem crit\u00e9rios de compara\u00e7\u00e3o de pre\u00e7os\u201d, justificou a prefeitura.<\/p>\n\n\n\n<p>O Edital prev\u00ea ainda o credenciamento de int\u00e9rpretes de Libras, refletindo o compromisso da Froc com a acessibilidade e inclus\u00e3o, com os valores dos cach\u00eas para cada categoria pr\u00e9-fixados no documento.<\/p>\n\n\n\n<p>Para se credenciar, os interessados e interessadas devem ser pessoa f\u00edsica ou jur\u00eddica, com comprova\u00e7\u00e3o de resid\u00eancia ou estabelecimento em Rio das Ostras h\u00e1, no m\u00ednimo, 1 ano, lembrando que \u00e9 poss\u00edvel se inscrever em mais de uma categoria, desde que seja comprovada a atua\u00e7\u00e3o m\u00ednima de 1 ano em cada \u00e1rea pretendida.<\/p>\n\n\n\n<p>Ainda segundo a prefeitura, os candidatos que atenderem aos requisitos ser\u00e3o classificados por sorteio, que definir\u00e1 um ranking para cada categoria art\u00edstica, com a ordem de chamada respeitando a adequa\u00e7\u00e3o do estilo art\u00edstico ao perfil do evento e a classifica\u00e7\u00e3o obtida.<\/p>\n\n\n\n<p>Para mais informa\u00e7\u00f5es sobre o processo ou apoio t\u00e9cnico para realiza\u00e7\u00e3o das inscri\u00e7\u00f5es, basta enviar e-mail para <a href=\"mailto:politicaspublicas@fundacaoriodasostrasdeculturta.rj.gov.br\">politicaspublicas@fundacaoriodasostrasdeculturta.rj.gov.br<\/a>&nbsp;ou comparecer presencialmente \u00e0 sede da Froc, que funciona no pr\u00e9dio Maestro Maur\u00edcio Libardi J\u00fanior, na Rua Crist\u00f3v\u00e3o Barcelos, 109, no Centro.&nbsp;&nbsp;&nbsp;&nbsp;<\/p>\n","protected":false},"excerpt":{"rendered":"<p>Come\u00e7a nessa sexta-feira, 10, o credenciamento de artistas, grupos e demais profissionais do setor cultural de Rio das Ostras, visando a qualifica\u00e7\u00e3o para futuras contrata\u00e7\u00f5es e participa\u00e7\u00f5es em eventos culturais da cidade. Realizado pela Funda\u00e7\u00e3o Rio das Ostras de Cultura (Froc), o processo teve seu edital divulgado no \u00faltimo dia 26 de setembro, atrav\u00e9s do [&hellip;]<\/p>\n","protected":false},"author":2,"featured_media":24873,"comment_status":"open","ping_status":"open","sticky":false,"template":"","format":"standard","meta":{"footnotes":""},"categories":[2978,4],"tags":[1896],"class_list":["post-24872","post","type-post","status-publish","format-standard","has-post-thumbnail","hentry","category-destaques-topo","category-rio-das-ostras","tag-destaque"],"_links":{"self":[{"href":"https:\/\/blogdodanielgalvao.com.br\/site\/wp-json\/wp\/v2\/posts\/24872","targetHints":{"allow":["GET"]}}],"collection":[{"href":"https:\/\/blogdodanielgalvao.com.br\/site\/wp-json\/wp\/v2\/posts"}],"about":[{"href":"https:\/\/blogdodanielgalvao.com.br\/site\/wp-json\/wp\/v2\/types\/post"}],"author":[{"embeddable":true,"href":"https:\/\/blogdodanielgalvao.com.br\/site\/wp-json\/wp\/v2\/users\/2"}],"replies":[{"embeddable":true,"href":"https:\/\/blogdodanielgalvao.com.br\/site\/wp-json\/wp\/v2\/comments?post=24872"}],"version-history":[{"count":1,"href":"https:\/\/blogdodanielgalvao.com.br\/site\/wp-json\/wp\/v2\/posts\/24872\/revisions"}],"predecessor-version":[{"id":24874,"href":"https:\/\/blogdodanielgalvao.com.br\/site\/wp-json\/wp\/v2\/posts\/24872\/revisions\/24874"}],"wp:featuredmedia":[{"embeddable":true,"href":"https:\/\/blogdodanielgalvao.com.br\/site\/wp-json\/wp\/v2\/media\/24873"}],"wp:attachment":[{"href":"https:\/\/blogdodanielgalvao.com.br\/site\/wp-json\/wp\/v2\/media?parent=24872"}],"wp:term":[{"taxonomy":"category","embeddable":true,"href":"https:\/\/blogdodanielgalvao.com.br\/site\/wp-json\/wp\/v2\/categories?post=24872"},{"taxonomy":"post_tag","embeddable":true,"href":"https:\/\/blogdodanielgalvao.com.br\/site\/wp-json\/wp\/v2\/tags?post=24872"}],"curies":[{"name":"wp","href":"https:\/\/api.w.org\/{rel}","templated":true}]}}