{"id":24869,"date":"2025-10-08T17:17:31","date_gmt":"2025-10-08T20:17:31","guid":{"rendered":"https:\/\/blogdodanielgalvao.com.br\/site\/?p=24869"},"modified":"2025-10-08T17:17:34","modified_gmt":"2025-10-08T20:17:34","slug":"cabo-frio-promove-feira-que-valoriza-raizes-afro-brasileiras-e-reforca-prevencao-ao-cancer-de-mama","status":"publish","type":"post","link":"https:\/\/blogdodanielgalvao.com.br\/site\/cabo-frio-promove-feira-que-valoriza-raizes-afro-brasileiras-e-reforca-prevencao-ao-cancer-de-mama\/","title":{"rendered":"Cabo Frio promove feira que valoriza ra\u00edzes afro-brasileiras e refor\u00e7a preven\u00e7\u00e3o ao c\u00e2ncer de mama"},"content":{"rendered":"\n<p>O Horto Municipal, no bairro Portinho, ser\u00e1 palco neste s\u00e1bado (11) de mais uma edi\u00e7\u00e3o da Feira Quilombola, que desta vez acontece em homenagem ao Outubro Rosa, m\u00eas dedicado \u00e0 preven\u00e7\u00e3o e \u00e0 conscientiza\u00e7\u00e3o sobre o c\u00e2ncer de mama. O evento acontece das 9h \u00e0s 15h e promete reunir cultura, arte, gastronomia e solidariedade em um mesmo espa\u00e7o.<\/p>\n\n\n\n<p>Organizada pelas cooperativas Cooperquilombo, que representa as Comunidades Quilombolas da Regi\u00e3o dos Lagos, e CoopaLagos, voltada \u00e0 Agricultura Familiar, a feira conta com o apoio da Prefeitura de Cabo Frio, por meio da Secretaria de Meio Ambiente, Clima e Saneamento.<\/p>\n\n\n\n<p>O objetivo \u00e9 fortalecer a identidade e as tradi\u00e7\u00f5es das comunidades quilombolas, incentivar a economia solid\u00e1ria e valorizar os pequenos produtores locais. Os visitantes poder\u00e3o encontrar produtos agroecol\u00f3gicos, comidas t\u00edpicas, artesanato e diversas atra\u00e7\u00f5es culturais.<\/p>\n\n\n\n<p>A programa\u00e7\u00e3o musical ser\u00e1 comandada pelos artistas Junior Carri\u00e7o e Jisele Gaspar, que levar\u00e3o ao p\u00fablico um repert\u00f3rio de cl\u00e1ssicos da m\u00fasica popular brasileira, embalando o clima de celebra\u00e7\u00e3o e pertencimento.<\/p>\n\n\n\n<p>Consolidada como um espa\u00e7o de integra\u00e7\u00e3o e resist\u00eancia cultural, a Feira Quilombola se tornou ponto de encontro entre quilombolas, agricultores, artes\u00e3os e coletivos culturais da Regi\u00e3o dos Lagos. O evento refor\u00e7a a import\u00e2ncia da valoriza\u00e7\u00e3o das ra\u00edzes afro-brasileiras e da promo\u00e7\u00e3o da sustentabilidade, somando-se \u00e0 causa do Outubro Rosa na luta pela sa\u00fade e pela vida.&nbsp;&nbsp;&nbsp;&nbsp;&nbsp;<\/p>\n\n\n\n<p><strong>Servi\u00e7o:<\/strong><\/p>\n\n\n\n<p>Feira Quilombola \u2013 Edi\u00e7\u00e3o Especial Outubro Rosa<\/p>\n\n\n\n<p>S\u00e1bado, 11 de outubro<\/p>\n\n\n\n<p>Das 9h \u00e0s 15h<\/p>\n\n\n\n<p>Local: Horto Municipal \u2013 Avenida Henrique Terra, s\/n, bairro Portinho,&nbsp;Cabo&nbsp;Frio&nbsp;&nbsp;&nbsp;&nbsp;&nbsp;<\/p>\n","protected":false},"excerpt":{"rendered":"<p>O Horto Municipal, no bairro Portinho, ser\u00e1 palco neste s\u00e1bado (11) de mais uma edi\u00e7\u00e3o da Feira Quilombola, que desta vez acontece em homenagem ao Outubro Rosa, m\u00eas dedicado \u00e0 preven\u00e7\u00e3o e \u00e0 conscientiza\u00e7\u00e3o sobre o c\u00e2ncer de mama. O evento acontece das 9h \u00e0s 15h e promete reunir cultura, arte, gastronomia e solidariedade em [&hellip;]<\/p>\n","protected":false},"author":2,"featured_media":24870,"comment_status":"open","ping_status":"open","sticky":false,"template":"","format":"standard","meta":{"footnotes":""},"categories":[340],"tags":[1896],"class_list":["post-24869","post","type-post","status-publish","format-standard","has-post-thumbnail","hentry","category-cabo-frio","tag-destaque"],"_links":{"self":[{"href":"https:\/\/blogdodanielgalvao.com.br\/site\/wp-json\/wp\/v2\/posts\/24869","targetHints":{"allow":["GET"]}}],"collection":[{"href":"https:\/\/blogdodanielgalvao.com.br\/site\/wp-json\/wp\/v2\/posts"}],"about":[{"href":"https:\/\/blogdodanielgalvao.com.br\/site\/wp-json\/wp\/v2\/types\/post"}],"author":[{"embeddable":true,"href":"https:\/\/blogdodanielgalvao.com.br\/site\/wp-json\/wp\/v2\/users\/2"}],"replies":[{"embeddable":true,"href":"https:\/\/blogdodanielgalvao.com.br\/site\/wp-json\/wp\/v2\/comments?post=24869"}],"version-history":[{"count":1,"href":"https:\/\/blogdodanielgalvao.com.br\/site\/wp-json\/wp\/v2\/posts\/24869\/revisions"}],"predecessor-version":[{"id":24871,"href":"https:\/\/blogdodanielgalvao.com.br\/site\/wp-json\/wp\/v2\/posts\/24869\/revisions\/24871"}],"wp:featuredmedia":[{"embeddable":true,"href":"https:\/\/blogdodanielgalvao.com.br\/site\/wp-json\/wp\/v2\/media\/24870"}],"wp:attachment":[{"href":"https:\/\/blogdodanielgalvao.com.br\/site\/wp-json\/wp\/v2\/media?parent=24869"}],"wp:term":[{"taxonomy":"category","embeddable":true,"href":"https:\/\/blogdodanielgalvao.com.br\/site\/wp-json\/wp\/v2\/categories?post=24869"},{"taxonomy":"post_tag","embeddable":true,"href":"https:\/\/blogdodanielgalvao.com.br\/site\/wp-json\/wp\/v2\/tags?post=24869"}],"curies":[{"name":"wp","href":"https:\/\/api.w.org\/{rel}","templated":true}]}}