{"id":24860,"date":"2025-10-08T16:54:09","date_gmt":"2025-10-08T19:54:09","guid":{"rendered":"https:\/\/blogdodanielgalvao.com.br\/site\/?p=24860"},"modified":"2025-10-08T16:54:16","modified_gmt":"2025-10-08T19:54:16","slug":"dragagem-da-praia-do-siqueira-marca-novo-capitulo-ambiental-em-cabo-frio","status":"publish","type":"post","link":"https:\/\/blogdodanielgalvao.com.br\/site\/dragagem-da-praia-do-siqueira-marca-novo-capitulo-ambiental-em-cabo-frio\/","title":{"rendered":"Dragagem da Praia do Siqueira marca novo cap\u00edtulo ambiental em Cabo Frio"},"content":{"rendered":"\n<p>Cabo Frio iniciou uma das mais importantes a\u00e7\u00f5es ambientais de sua hist\u00f3ria. Nesta ter\u00e7a-feira (7), o prefeito Dr. Serginho e o governador Cl\u00e1udio Castro assinaram o termo de coopera\u00e7\u00e3o t\u00e9cnica que autoriza o in\u00edcio da dragagem da Praia do Siqueira \u2014 uma interven\u00e7\u00e3o esperada h\u00e1 d\u00e9cadas pela comunidade local e pelos pescadores que dependem da Lagoa de Araruama.<\/p>\n\n\n\n<p>O evento contou com a presen\u00e7a de autoridades municipais e estaduais, representantes do Instituto Estadual do Ambiente (Inea), da concession\u00e1ria Prolagos e de lideran\u00e7as comunit\u00e1rias, refor\u00e7ando o compromisso coletivo pela recupera\u00e7\u00e3o ambiental e econ\u00f4mica da regi\u00e3o.<\/p>\n\n\n\n<p>Durante a solenidade, o prefeito Dr. Serginho destacou que a obra \u00e9 resultado da uni\u00e3o entre Prefeitura, Governo do Estado e Prolagos, e simboliza um marco para o meio ambiente e para as futuras gera\u00e7\u00f5es. \u201cEssa \u00e9 uma conquista feita com di\u00e1logo e respeito \u00e0 comunidade. A dragagem \u00e9 um presente para Cabo Frio e para a natureza, que vai permitir o desenvolvimento sustent\u00e1vel da cidade por meio da pesca e do turismo\u201d, afirmou.<\/p>\n\n\n\n<p>A interven\u00e7\u00e3o abranger\u00e1 toda a faixa da orla da Praia do Siqueira, alcan\u00e7ando cerca de 400 metros de largura, com a retirada de aproximadamente 485 mil metros c\u00fabicos de sedimentos acumulados ao longo de d\u00e9cadas. O objetivo \u00e9 restaurar a qualidade da \u00e1gua, melhorar a balneabilidade e devolver \u00e0 popula\u00e7\u00e3o um ambiente saud\u00e1vel e prop\u00edcio ao lazer e \u00e0 atividade pesqueira.<\/p>\n\n\n\n<p>O governador Cl\u00e1udio Castro ressaltou a relev\u00e2ncia da obra e reafirmou o compromisso do Estado com o munic\u00edpio. \u201cA dragagem \u00e9 um sonho antigo da popula\u00e7\u00e3o da Siqueira, e hoje ele come\u00e7a a se tornar realidade. Nosso foco \u00e9 cuidar das pessoas e transformar vidas, especialmente dos trabalhadores e pescadores que dependem dessa lagoa\u201d, destacou.<\/p>\n\n\n\n<p>O projeto ser\u00e1 acompanhado de perto pelo Inea, respons\u00e1vel pelo monitoramento t\u00e9cnico e ambiental, e pela Secretaria Municipal de Meio Ambiente, Clima e Saneamento. O secret\u00e1rio Jailton Nogueira destacou que essa \u00e9 uma das maiores interven\u00e7\u00f5es ambientais da hist\u00f3ria da cidade, com impacto direto na qualidade da \u00e1gua, na fauna e nas condi\u00e7\u00f5es de trabalho dos pescadores.<\/p>\n\n\n\n<p>Todo o material dragado ser\u00e1 encaminhado para \u00e1reas previamente licenciadas, onde passar\u00e1 por processo de secagem e tratamento antes de seguir para aterro sanit\u00e1rio, em conformidade com as normas ambientais. As medidas de controle incluem prote\u00e7\u00e3o da fauna, conten\u00e7\u00e3o de ru\u00eddos e poeira, al\u00e9m de dispositivos que evitar\u00e3o novos assoreamentos.<\/p>\n\n\n\n<p>Representando os pescadores, o presidente da Associa\u00e7\u00e3o dos Pescadores Artesanais da Praia do Siqueira, Eli Cardoso, emocionou o p\u00fablico ao lembrar a luta hist\u00f3rica da comunidade. \u201cEsperamos por esse momento h\u00e1 muitos anos. Hoje, vemos um sonho se tornar realidade. A lagoa voltar\u00e1 a ser azul e cheia de vida\u201d, disse.<\/p>\n\n\n\n<p>Participaram do evento o vice-prefeito Miguel Alencar; o presidente da C\u00e2mara Municipal, Vagner Sim\u00e3o; o secret\u00e1rio estadual Bernardo Rossi; o diretor-presidente da Prolagos, Sinval Andrade; e demais representantes do Governo do Estado e da Prefeitura, consolidando um momento hist\u00f3rico para Cabo Frio e para a regi\u00e3o&nbsp;da&nbsp;Siqueira.&nbsp;&nbsp;&nbsp;&nbsp;&nbsp;<\/p>\n","protected":false},"excerpt":{"rendered":"<p>Cabo Frio iniciou uma das mais importantes a\u00e7\u00f5es ambientais de sua hist\u00f3ria. Nesta ter\u00e7a-feira (7), o prefeito Dr. Serginho e o governador Cl\u00e1udio Castro assinaram o termo de coopera\u00e7\u00e3o t\u00e9cnica que autoriza o in\u00edcio da dragagem da Praia do Siqueira \u2014 uma interven\u00e7\u00e3o esperada h\u00e1 d\u00e9cadas pela comunidade local e pelos pescadores que dependem da [&hellip;]<\/p>\n","protected":false},"author":2,"featured_media":24861,"comment_status":"open","ping_status":"open","sticky":false,"template":"","format":"standard","meta":{"footnotes":""},"categories":[340],"tags":[],"class_list":["post-24860","post","type-post","status-publish","format-standard","has-post-thumbnail","hentry","category-cabo-frio"],"_links":{"self":[{"href":"https:\/\/blogdodanielgalvao.com.br\/site\/wp-json\/wp\/v2\/posts\/24860","targetHints":{"allow":["GET"]}}],"collection":[{"href":"https:\/\/blogdodanielgalvao.com.br\/site\/wp-json\/wp\/v2\/posts"}],"about":[{"href":"https:\/\/blogdodanielgalvao.com.br\/site\/wp-json\/wp\/v2\/types\/post"}],"author":[{"embeddable":true,"href":"https:\/\/blogdodanielgalvao.com.br\/site\/wp-json\/wp\/v2\/users\/2"}],"replies":[{"embeddable":true,"href":"https:\/\/blogdodanielgalvao.com.br\/site\/wp-json\/wp\/v2\/comments?post=24860"}],"version-history":[{"count":1,"href":"https:\/\/blogdodanielgalvao.com.br\/site\/wp-json\/wp\/v2\/posts\/24860\/revisions"}],"predecessor-version":[{"id":24862,"href":"https:\/\/blogdodanielgalvao.com.br\/site\/wp-json\/wp\/v2\/posts\/24860\/revisions\/24862"}],"wp:featuredmedia":[{"embeddable":true,"href":"https:\/\/blogdodanielgalvao.com.br\/site\/wp-json\/wp\/v2\/media\/24861"}],"wp:attachment":[{"href":"https:\/\/blogdodanielgalvao.com.br\/site\/wp-json\/wp\/v2\/media?parent=24860"}],"wp:term":[{"taxonomy":"category","embeddable":true,"href":"https:\/\/blogdodanielgalvao.com.br\/site\/wp-json\/wp\/v2\/categories?post=24860"},{"taxonomy":"post_tag","embeddable":true,"href":"https:\/\/blogdodanielgalvao.com.br\/site\/wp-json\/wp\/v2\/tags?post=24860"}],"curies":[{"name":"wp","href":"https:\/\/api.w.org\/{rel}","templated":true}]}}