{"id":24853,"date":"2025-10-08T16:49:27","date_gmt":"2025-10-08T19:49:27","guid":{"rendered":"https:\/\/blogdodanielgalvao.com.br\/site\/?p=24853"},"modified":"2025-10-08T16:49:30","modified_gmt":"2025-10-08T19:49:30","slug":"saquarema-leva-3-premios-em-evento-em-parceria-entre-band-e-instituto-aquila","status":"publish","type":"post","link":"https:\/\/blogdodanielgalvao.com.br\/site\/saquarema-leva-3-premios-em-evento-em-parceria-entre-band-e-instituto-aquila\/","title":{"rendered":"Saquarema leva 3 pr\u00eamios em evento em parceria entre Band e Instituto \u00c1quila"},"content":{"rendered":"\n<p>A Prefeitura de Saquarema foi grande destaque do Pr\u00eamio Band Cidades Excelentes, transmitido ao vivo na noite dessa ter\u00e7a-feira, 7, em que levou pr\u00eamios em 3 categorias, incluindo a do IGMA Geral Cidades Excelentes para cidades entre 30 e 100 mil habitantes.<\/p>\n\n\n\n<p>Al\u00e9m do pr\u00eamio principal da noite, a gest\u00e3o municipal, representada pela prefeita Lucimar (PL) e pela ex-prefeita e atual secret\u00e1ria de Governan\u00e7a e Sustentabilidade, Manoela Peres (PL), levou ainda os pr\u00eamios nas categorias \u201cSustentabilidade\u201d e \u201cGovernan\u00e7a, Efici\u00eancia e Transpar\u00eancia\u201d, sendo a \u00fanica a sair do evento com 3 pr\u00eamios no total.<\/p>\n\n\n\n<p>Para a prefeita Lucimar, a vit\u00f3ria da atual gest\u00e3o coroa um trabalho que vem sendo feito desde a gest\u00e3o anterior, quando o munic\u00edpio conquistou pr\u00eamios em categorias de \u201cDesenvolvimento Socioecon\u00f4mico e Ordem P\u00fablica, em 2022, e de \u201cSa\u00fade e Bem-Estar\u201d, em 2023.<\/p>\n\n\n\n<p>\u201cReceber este pr\u00eamio novamente \u00e9 um enorme orgulho e a prova de que estamos no caminho certo. Este reconhecimento, especialmente na \u00e1rea de Cidades Excelentes, a principal categoria, reflete o trabalho incans\u00e1vel e a dedica\u00e7\u00e3o de cada servidor p\u00fablico de Saquarema. Agrade\u00e7o \u00e0 nossa equipe e, principalmente, \u00e0 popula\u00e7\u00e3o pela confian\u00e7a. Seguiremos avan\u00e7ando, construindo sobre bases s\u00f3lidas para entregar uma cidade cada vez melhor para todos\u201d, declarou Lucimar.<\/p>\n\n\n\n<p>Considerada a principal categoria do pr\u00eamio, a de IGMA Geral Cidades Excelentes remete ao \u00cdndice de Gest\u00e3o Municipal \u00c1quila (IGMA), plataforma desenvolvida pelo Instituto \u00c1quila para avalia\u00e7\u00e3o de gest\u00f5es p\u00fablicas no Estado do Rio.<\/p>\n\n\n\n<p>Lan\u00e7ado em 2018, o IGMA utiliza dados p\u00fablicos oficiais para analisar 6 pilares da administra\u00e7\u00e3o, \u201cGovernan\u00e7a, Efici\u00eancia Fiscal e Transpar\u00eancia\u201d, \u201cEduca\u00e7\u00e3o\u201d, \u201cSa\u00fade e Bem-Estar\u201d, \u201cInfraestrutura e Mobilidade Urbana\u201d, Sustentabilidade\u201d, e \u201cDesenvolvimento Socioecon\u00f4mico e Ordem P\u00fablica\u201d.<\/p>\n\n\n\n<p>Atualmente, a plataforma re\u00fane dados de 5.568 cidades em todo o pa\u00eds, contemplando ainda 71 indicadores distribu\u00eddos pelos 6 pilares, avaliados de 0 a 100 por meio de um algoritmo pr\u00f3prio, usando dados p\u00fablicos de fontes prim\u00e1rias.<\/p>\n\n\n\n<p>Presente na comitiva de Saquarema, a secret\u00e1ria Governan\u00e7a e Sustentabilidade, Manoela Peres, ressaltou que a premia\u00e7\u00e3o \u00e9 fruto de um planejamento de longo prazo, cujo sucesso \u00e9 validado pela continuidade de seu grupo pol\u00edtico.<\/p>\n\n\n\n<p>\u201cFico feliz ao ver que o projeto de transforma\u00e7\u00e3o que iniciamos em Saquarema continua a gerar frutos t\u00e3o importantes. Isso mostra que a gest\u00e3o p\u00fablica \u00e9 um processo cont\u00ednuo, n\u00e3o se faz da noite para o dia. O munic\u00edpio tem dado sequ\u00eancia a essa vis\u00e3o com enorme compet\u00eancia. Este pr\u00eamio \u00e9 o sucesso do planejamento e do foco no cidad\u00e3o. Isso mostra que a gente est\u00e1 no caminho certo, mas tamb\u00e9m nos d\u00e1 muito mais responsabilidade para continuar elevando os n\u00edveis do nosso munic\u00edpio\u201d, afirmou Manoela Peres.<\/p>\n\n\n\n<p>Considerado o \u201cOscar\u201d da gest\u00e3o p\u00fablica, o Pr\u00eamio Band Cidades Excelentes refor\u00e7a outra boa avalia\u00e7\u00e3o recebida pela gest\u00e3o municipal, que foi apontada como a melhor do Estado em transpar\u00eancia e governan\u00e7a p\u00fablica, segundo um levantamento da Secretaria do Tesouro Nacional que avaliou registros cont\u00e1beis e fiscais.<\/p>\n\n\n\n<p>No levantamento, chamado de Ranking da Qualidade da Informa\u00e7\u00e3o Cont\u00e1bil e Fiscal, que avaliou dados enviados por entes federativos \u00e0 Uni\u00e3o, a cidade saltou da 4.867\u00aa posi\u00e7\u00e3o, em 2019, para a 600\u00aa do pa\u00eds, em 2024.<\/p>\n\n\n\n<p>\u201cIsso mostra que Saquarema est\u00e1 no caminho certo para ser uma boa pr\u00e1tica de governan\u00e7a e colocar isso como modelo para outros munic\u00edpios\u201d, elogiou o ministro Augusto Nardes, do Tribunal de Contas da Uni\u00e3o (TCU).<\/p>\n","protected":false},"excerpt":{"rendered":"<p>A Prefeitura de Saquarema foi grande destaque do Pr\u00eamio Band Cidades Excelentes, transmitido ao vivo na noite dessa ter\u00e7a-feira, 7, em que levou pr\u00eamios em 3 categorias, incluindo a do IGMA Geral Cidades Excelentes para cidades entre 30 e 100 mil habitantes. Al\u00e9m do pr\u00eamio principal da noite, a gest\u00e3o municipal, representada pela prefeita Lucimar [&hellip;]<\/p>\n","protected":false},"author":2,"featured_media":24856,"comment_status":"open","ping_status":"open","sticky":false,"template":"","format":"standard","meta":{"footnotes":""},"categories":[1885],"tags":[1896],"class_list":["post-24853","post","type-post","status-publish","format-standard","has-post-thumbnail","hentry","category-saquarema","tag-destaque"],"_links":{"self":[{"href":"https:\/\/blogdodanielgalvao.com.br\/site\/wp-json\/wp\/v2\/posts\/24853","targetHints":{"allow":["GET"]}}],"collection":[{"href":"https:\/\/blogdodanielgalvao.com.br\/site\/wp-json\/wp\/v2\/posts"}],"about":[{"href":"https:\/\/blogdodanielgalvao.com.br\/site\/wp-json\/wp\/v2\/types\/post"}],"author":[{"embeddable":true,"href":"https:\/\/blogdodanielgalvao.com.br\/site\/wp-json\/wp\/v2\/users\/2"}],"replies":[{"embeddable":true,"href":"https:\/\/blogdodanielgalvao.com.br\/site\/wp-json\/wp\/v2\/comments?post=24853"}],"version-history":[{"count":1,"href":"https:\/\/blogdodanielgalvao.com.br\/site\/wp-json\/wp\/v2\/posts\/24853\/revisions"}],"predecessor-version":[{"id":24857,"href":"https:\/\/blogdodanielgalvao.com.br\/site\/wp-json\/wp\/v2\/posts\/24853\/revisions\/24857"}],"wp:featuredmedia":[{"embeddable":true,"href":"https:\/\/blogdodanielgalvao.com.br\/site\/wp-json\/wp\/v2\/media\/24856"}],"wp:attachment":[{"href":"https:\/\/blogdodanielgalvao.com.br\/site\/wp-json\/wp\/v2\/media?parent=24853"}],"wp:term":[{"taxonomy":"category","embeddable":true,"href":"https:\/\/blogdodanielgalvao.com.br\/site\/wp-json\/wp\/v2\/categories?post=24853"},{"taxonomy":"post_tag","embeddable":true,"href":"https:\/\/blogdodanielgalvao.com.br\/site\/wp-json\/wp\/v2\/tags?post=24853"}],"curies":[{"name":"wp","href":"https:\/\/api.w.org\/{rel}","templated":true}]}}