{"id":24852,"date":"2025-10-08T16:50:32","date_gmt":"2025-10-08T19:50:32","guid":{"rendered":"https:\/\/blogdodanielgalvao.com.br\/site\/?p=24852"},"modified":"2025-10-08T16:50:37","modified_gmt":"2025-10-08T19:50:37","slug":"nova-operacao-da-pm-retira-barricadas-em-outro-bairro-de-rio-das-ostras","status":"publish","type":"post","link":"https:\/\/blogdodanielgalvao.com.br\/site\/nova-operacao-da-pm-retira-barricadas-em-outro-bairro-de-rio-das-ostras\/","title":{"rendered":"Nova opera\u00e7\u00e3o da PM retira barricadas em outro bairro de Rio das Ostras"},"content":{"rendered":"\n<p>A Pol\u00edcia Militar (PM) voltar a fazer nova opera\u00e7\u00e3o para a retiradas de barricadas do tr\u00e1fico em Rio das Ostras, dessa vez no bairro Residencial Praia \u00c2ncora, removendo pneus, troncos de \u00e1rvores, entulhos e outros res\u00edduos usados por traficantes locais.<\/p>\n\n\n\n<p>A a\u00e7\u00e3o do 32\u00ba Batalh\u00e3o da PM (32\u00ba BPM) aconteceu na noite dessa ter\u00e7a-feira, 7, e contou com apoio do Grupamento de A\u00e7\u00f5es T\u00e1ticas (GAT), com objetivo de garantir a livre circula\u00e7\u00e3o de ve\u00edculos e pedestres nas ruas do bairro.<\/p>\n\n\n\n<p>De acordo com a PM, as barricadas serviam para bloquear importantes vias de acesso da localidade, como a Rua Costa do Marfim, Rua das Per\u00fanias, Rua Cinquenta e Nove, Rua Filomena, e Rua Pingo de Ouro.<\/p>\n\n\n\n<p>Durante a opera\u00e7\u00e3o, os policiais retiraram os materiais das ruas, observando ainda ind\u00edcios de tentativa de concretagem de algumas barricadas, que foram prontamente desfeitas, permitindo a libera\u00e7\u00e3o das vias e o restabelecimento do tr\u00e2nsito, sem registro de confrontos ou apreens\u00f5es.<\/p>\n","protected":false},"excerpt":{"rendered":"<p>A Pol\u00edcia Militar (PM) voltar a fazer nova opera\u00e7\u00e3o para a retiradas de barricadas do tr\u00e1fico em Rio das Ostras, dessa vez no bairro Residencial Praia \u00c2ncora, removendo pneus, troncos de \u00e1rvores, entulhos e outros res\u00edduos usados por traficantes locais. A a\u00e7\u00e3o do 32\u00ba Batalh\u00e3o da PM (32\u00ba BPM) aconteceu na noite dessa ter\u00e7a-feira, 7, [&hellip;]<\/p>\n","protected":false},"author":2,"featured_media":24858,"comment_status":"open","ping_status":"open","sticky":false,"template":"","format":"standard","meta":{"footnotes":""},"categories":[1899],"tags":[],"class_list":["post-24852","post","type-post","status-publish","format-standard","has-post-thumbnail","hentry","category-policia"],"_links":{"self":[{"href":"https:\/\/blogdodanielgalvao.com.br\/site\/wp-json\/wp\/v2\/posts\/24852","targetHints":{"allow":["GET"]}}],"collection":[{"href":"https:\/\/blogdodanielgalvao.com.br\/site\/wp-json\/wp\/v2\/posts"}],"about":[{"href":"https:\/\/blogdodanielgalvao.com.br\/site\/wp-json\/wp\/v2\/types\/post"}],"author":[{"embeddable":true,"href":"https:\/\/blogdodanielgalvao.com.br\/site\/wp-json\/wp\/v2\/users\/2"}],"replies":[{"embeddable":true,"href":"https:\/\/blogdodanielgalvao.com.br\/site\/wp-json\/wp\/v2\/comments?post=24852"}],"version-history":[{"count":1,"href":"https:\/\/blogdodanielgalvao.com.br\/site\/wp-json\/wp\/v2\/posts\/24852\/revisions"}],"predecessor-version":[{"id":24859,"href":"https:\/\/blogdodanielgalvao.com.br\/site\/wp-json\/wp\/v2\/posts\/24852\/revisions\/24859"}],"wp:featuredmedia":[{"embeddable":true,"href":"https:\/\/blogdodanielgalvao.com.br\/site\/wp-json\/wp\/v2\/media\/24858"}],"wp:attachment":[{"href":"https:\/\/blogdodanielgalvao.com.br\/site\/wp-json\/wp\/v2\/media?parent=24852"}],"wp:term":[{"taxonomy":"category","embeddable":true,"href":"https:\/\/blogdodanielgalvao.com.br\/site\/wp-json\/wp\/v2\/categories?post=24852"},{"taxonomy":"post_tag","embeddable":true,"href":"https:\/\/blogdodanielgalvao.com.br\/site\/wp-json\/wp\/v2\/tags?post=24852"}],"curies":[{"name":"wp","href":"https:\/\/api.w.org\/{rel}","templated":true}]}}