{"id":23807,"date":"2025-09-16T12:45:01","date_gmt":"2025-09-16T15:45:01","guid":{"rendered":"https:\/\/blogdodanielgalvao.com.br\/site\/?p=23807"},"modified":"2025-09-17T15:46:09","modified_gmt":"2025-09-17T18:46:09","slug":"rio-das-ostras-prestadora-de-servicos-da-rio-e-flagrada-por-despejo-ilegal-de-esgoto","status":"publish","type":"post","link":"https:\/\/blogdodanielgalvao.com.br\/site\/rio-das-ostras-prestadora-de-servicos-da-rio-e-flagrada-por-despejo-ilegal-de-esgoto\/","title":{"rendered":"Rio das Ostras: prestadora de servi\u00e7os da Rio+ \u00e9 flagrada por despejo ilegal de esgoto"},"content":{"rendered":"\n<p><em>Atualizado \u00e0s 15h dessa quinta-feira, 17.<br><\/em><br>Uma a\u00e7\u00e3o da Prefeitura de Rio das Ostras flagrou o despejo irregular de res\u00edduos por parte de uma empresa na Rua das Palmeiras, no bairro Residencial Rio das Ostras, resultando em uma notifica\u00e7\u00e3o e embargo das atividades.<\/p>\n\n\n\n<p>De acordo com o munic\u00edpio, a a\u00e7\u00e3o respondeu a uma den\u00fancia an\u00f4nima sobre a movimenta\u00e7\u00e3o suspeita de caminh\u00f5es de uma prestadora de servi\u00e7os da Rio+ que descarregava materiais com fedor de esgoto sanit\u00e1rio tarde da noite no local.<\/p>\n\n\n\n<p>A a\u00e7\u00e3o contou com a participa\u00e7\u00e3o de equipes da Coordenadoria Geral de Fiscaliza\u00e7\u00e3o e Postura (Comfis) em parceria com agentes da Guarda Ambiental, que perceberam ainda uma movimenta\u00e7\u00e3o de terra n\u00e3o autorizada pela Secretaria de Meio Ambiente, Agricultura e Pesca.<\/p>\n\n\n\n<p>Segundo a prefeitura, durante a a\u00e7\u00e3o, os agentes do munic\u00edpio tamb\u00e9m descobriram que a empresa estava depositando res\u00edduos s\u00f3lidos em desacordo com as normas ambientais, al\u00e9m de n\u00e3o apresentar documenta\u00e7\u00e3o nem licen\u00e7as sobre as atividades exercidas.<\/p>\n\n\n\n<p>Diante das irregularidades, a Comfis e a Guarda Ambiental embargaram a atividade e notificaram a empresa para que apresente a documenta\u00e7\u00e3o de regularidade at\u00e9 essa quinta-feira, 18, sob pena de proibi\u00e7\u00e3o de qualquer atividade no terreno.<\/p>\n\n\n\n<p>Para denunciar pr\u00e1ticas irregulares contra o meio ambiente, a popula\u00e7\u00e3o pode procurar a Comfis, que fica na Avenida Roberto Silveira, s\/n, em Costazul, oferecendo atendimento de segunda a sexta-feira, das 8h \u00e0s 17h.<\/p>\n\n\n\n<p>Al\u00e9m disso, moradores que identificarem irregularidades ou crimes ambientais, ou mesmo relacionadas a estabelecimentos comerciais, podem denunciar de maneira an\u00f4nima por liga\u00e7\u00e3o telef\u00f4nica para o n\u00famero (22) 2760-6891.<\/p>\n\n\n\n<p>Em nota enviada na tarde dessa quinta-feira, 17, a Rio+Saneamento confirmou que o caminh\u00e3o pertencia a uma empresa prestadora de servi\u00e7os da concession\u00e1ria, mas afirma que ainda aguarda esclarecimentos a respeito das irregularidades, garantindo que suas prestadoras t\u00eam obriga\u00e7\u00f5es contratuais sobre o cumprimento da legisla\u00e7\u00e3o, conforme cada servi\u00e7o prestado \u00e0 concession\u00e1ria respons\u00e1vel pelos servi\u00e7os de \u00e1gua e esgoto em Rio das Ostras<\/p>\n\n\n\n<p>\u201cA&nbsp;Rio+Saneamento informa que todas as prestadoras de servi\u00e7o contratadas t\u00eam obriga\u00e7\u00e3o contratual de cumprimento \u00e0 legisla\u00e7\u00e3o, de acordo com o escopo do servi\u00e7o prestado. A Concession\u00e1ria ressalta ainda que j\u00e1 notificou a empresa para prestar os devidos esclarecimentos\u201d, informou a concession\u00e1ria.<\/p>\n","protected":false},"excerpt":{"rendered":"<p>Atualizado \u00e0s 15h dessa quinta-feira, 17.Uma a\u00e7\u00e3o da Prefeitura de Rio das Ostras flagrou o despejo irregular de res\u00edduos por parte de uma empresa na Rua das Palmeiras, no bairro Residencial Rio das Ostras, resultando em uma notifica\u00e7\u00e3o e embargo das atividades. De acordo com o munic\u00edpio, a a\u00e7\u00e3o respondeu a uma den\u00fancia an\u00f4nima sobre [&hellip;]<\/p>\n","protected":false},"author":2,"featured_media":23808,"comment_status":"open","ping_status":"open","sticky":false,"template":"","format":"standard","meta":{"footnotes":""},"categories":[1899],"tags":[2996],"class_list":["post-23807","post","type-post","status-publish","format-standard","has-post-thumbnail","hentry","category-policia","tag-rio-das-ostras-prestadora-de-servicos-da-rio-e-flagrrio-das-ostras-prestadora-de-servicos-da-rio-e-flagrada-por-despejo-ilegal-de-esgotoada-por-despejo-ilegal-de-esgoto"],"_links":{"self":[{"href":"https:\/\/blogdodanielgalvao.com.br\/site\/wp-json\/wp\/v2\/posts\/23807","targetHints":{"allow":["GET"]}}],"collection":[{"href":"https:\/\/blogdodanielgalvao.com.br\/site\/wp-json\/wp\/v2\/posts"}],"about":[{"href":"https:\/\/blogdodanielgalvao.com.br\/site\/wp-json\/wp\/v2\/types\/post"}],"author":[{"embeddable":true,"href":"https:\/\/blogdodanielgalvao.com.br\/site\/wp-json\/wp\/v2\/users\/2"}],"replies":[{"embeddable":true,"href":"https:\/\/blogdodanielgalvao.com.br\/site\/wp-json\/wp\/v2\/comments?post=23807"}],"version-history":[{"count":2,"href":"https:\/\/blogdodanielgalvao.com.br\/site\/wp-json\/wp\/v2\/posts\/23807\/revisions"}],"predecessor-version":[{"id":23901,"href":"https:\/\/blogdodanielgalvao.com.br\/site\/wp-json\/wp\/v2\/posts\/23807\/revisions\/23901"}],"wp:featuredmedia":[{"embeddable":true,"href":"https:\/\/blogdodanielgalvao.com.br\/site\/wp-json\/wp\/v2\/media\/23808"}],"wp:attachment":[{"href":"https:\/\/blogdodanielgalvao.com.br\/site\/wp-json\/wp\/v2\/media?parent=23807"}],"wp:term":[{"taxonomy":"category","embeddable":true,"href":"https:\/\/blogdodanielgalvao.com.br\/site\/wp-json\/wp\/v2\/categories?post=23807"},{"taxonomy":"post_tag","embeddable":true,"href":"https:\/\/blogdodanielgalvao.com.br\/site\/wp-json\/wp\/v2\/tags?post=23807"}],"curies":[{"name":"wp","href":"https:\/\/api.w.org\/{rel}","templated":true}]}}