{"id":23624,"date":"2025-09-11T15:38:06","date_gmt":"2025-09-11T18:38:06","guid":{"rendered":"https:\/\/blogdodanielgalvao.com.br\/site\/?p=23624"},"modified":"2025-09-11T15:38:08","modified_gmt":"2025-09-11T18:38:08","slug":"novas-listas-do-minha-casa-minha-vida-sao-divulgadas-em-macae","status":"publish","type":"post","link":"https:\/\/blogdodanielgalvao.com.br\/site\/novas-listas-do-minha-casa-minha-vida-sao-divulgadas-em-macae\/","title":{"rendered":"Novas listas do Minha Casa, Minha Vida s\u00e3o divulgadas em Maca\u00e9"},"content":{"rendered":"\n<p>Em Maca\u00e9 foi divulgada na \u00faltima quarta-feira (10) duas listas de benefici\u00e1rios do Programa Minha Casa, Minha Vida. A rela\u00e7\u00e3o foi divulgada pela Prefeitura de Maca\u00e9, por meio da Secretaria Executiva de Habita\u00e7\u00e3o e do Fundo Municipal de Habita\u00e7\u00e3o de Interesse Social.<\/p>\n\n\n\n<p>Segundo o divulgado pelo poder p\u00fablico, a primeira lista \u00e9 para escolha das unidades habitacionais. J\u00e1 a segundo \u00e9 voltada para o cumprimento de dilig\u00eancias de documenta\u00e7\u00e3o.<\/p>\n\n\n\n<p>A Prefeitura de Maca\u00e9 informou tamb\u00e9m que os convocados dever\u00e3o se apresentar na sede da Secretaria Executiva de Habita\u00e7\u00e3o, que fica na Avenida Lacerda Sobrinho,477 (Hotel de Deus) \u2013 Linha Azul, Virgem Santa, at\u00e9 o pr\u00f3ximo dia 30 de setembro. O hor\u00e1rio de atendimento \u00e9 de 9h \u00e0s 12h e das 14h \u00e0s 16h.<\/p>\n\n\n\n<p>Ao se apresentar na Secretaria, o benefici\u00e1rio do programa deve estar munido de toda a documenta\u00e7\u00e3o original, sob pena de desclassifica\u00e7\u00e3o do processo. As listas podem ser acessadas por meio do site da Prefeitura de Maca\u00e9.<\/p>\n","protected":false},"excerpt":{"rendered":"<p>Em Maca\u00e9 foi divulgada na \u00faltima quarta-feira (10) duas listas de benefici\u00e1rios do Programa Minha Casa, Minha Vida. A rela\u00e7\u00e3o foi divulgada pela Prefeitura de Maca\u00e9, por meio da Secretaria Executiva de Habita\u00e7\u00e3o e do Fundo Municipal de Habita\u00e7\u00e3o de Interesse Social. Segundo o divulgado pelo poder p\u00fablico, a primeira lista \u00e9 para escolha das [&hellip;]<\/p>\n","protected":false},"author":2,"featured_media":23630,"comment_status":"open","ping_status":"open","sticky":false,"template":"","format":"standard","meta":{"footnotes":""},"categories":[2],"tags":[2992,2991],"class_list":["post-23624","post","type-post","status-publish","format-standard","has-post-thumbnail","hentry","category-macae","tag-minha-vida","tag-programa-minha-casa"],"_links":{"self":[{"href":"https:\/\/blogdodanielgalvao.com.br\/site\/wp-json\/wp\/v2\/posts\/23624","targetHints":{"allow":["GET"]}}],"collection":[{"href":"https:\/\/blogdodanielgalvao.com.br\/site\/wp-json\/wp\/v2\/posts"}],"about":[{"href":"https:\/\/blogdodanielgalvao.com.br\/site\/wp-json\/wp\/v2\/types\/post"}],"author":[{"embeddable":true,"href":"https:\/\/blogdodanielgalvao.com.br\/site\/wp-json\/wp\/v2\/users\/2"}],"replies":[{"embeddable":true,"href":"https:\/\/blogdodanielgalvao.com.br\/site\/wp-json\/wp\/v2\/comments?post=23624"}],"version-history":[{"count":1,"href":"https:\/\/blogdodanielgalvao.com.br\/site\/wp-json\/wp\/v2\/posts\/23624\/revisions"}],"predecessor-version":[{"id":23631,"href":"https:\/\/blogdodanielgalvao.com.br\/site\/wp-json\/wp\/v2\/posts\/23624\/revisions\/23631"}],"wp:featuredmedia":[{"embeddable":true,"href":"https:\/\/blogdodanielgalvao.com.br\/site\/wp-json\/wp\/v2\/media\/23630"}],"wp:attachment":[{"href":"https:\/\/blogdodanielgalvao.com.br\/site\/wp-json\/wp\/v2\/media?parent=23624"}],"wp:term":[{"taxonomy":"category","embeddable":true,"href":"https:\/\/blogdodanielgalvao.com.br\/site\/wp-json\/wp\/v2\/categories?post=23624"},{"taxonomy":"post_tag","embeddable":true,"href":"https:\/\/blogdodanielgalvao.com.br\/site\/wp-json\/wp\/v2\/tags?post=23624"}],"curies":[{"name":"wp","href":"https:\/\/api.w.org\/{rel}","templated":true}]}}