{"id":23621,"date":"2025-09-11T15:03:03","date_gmt":"2025-09-11T18:03:03","guid":{"rendered":"https:\/\/blogdodanielgalvao.com.br\/site\/?p=23621"},"modified":"2025-09-11T15:03:06","modified_gmt":"2025-09-11T18:03:06","slug":"festa-literaria-cabo-friense-chega-a-primeira-decada-com-atracoes-diversificadas","status":"publish","type":"post","link":"https:\/\/blogdodanielgalvao.com.br\/site\/festa-literaria-cabo-friense-chega-a-primeira-decada-com-atracoes-diversificadas\/","title":{"rendered":"Festa Liter\u00e1ria Cabo-friense chega \u00e0 primeira d\u00e9cada com atra\u00e7\u00f5es diversificadas"},"content":{"rendered":"\n<p>A cidade de Cabo Frio se prepara para um dos eventos culturais mais aguardados do ano: a 10\u00aa edi\u00e7\u00e3o da Festa Liter\u00e1ria Cabo-friense, a FLIC 2025, marcada para esta sexta-feira (12) e s\u00e1bado (13), na Pra\u00e7a S\u00e3o Benedito, no bairro Passagem. Com o tema \u201cPalavras que florescem \u2013 10 anos cultivando hist\u00f3rias\u201d, a festa promete dois dias de celebra\u00e7\u00e3o da literatura, das artes e da diversidade cultural.<\/p>\n\n\n\n<p>Organizada pelo coletivo Flores Liter\u00e1rias, com apoio da Secretaria Municipal de Cultura, a FLIC chega \u00e0 primeira d\u00e9cada consolidada como um ponto de encontro entre escritores, leitores, artistas e o p\u00fablico em geral. A entrada \u00e9 gratuita e a programa\u00e7\u00e3o inclui conta\u00e7\u00e3o de hist\u00f3rias, mesas liter\u00e1rias, cortejos, m\u00fasica, dan\u00e7a, oficinas e lan\u00e7amentos de livros.&nbsp;&nbsp;&nbsp;&nbsp;<\/p>\n\n\n\n<p><strong>Programa\u00e7\u00e3o&nbsp;&nbsp;&nbsp;<\/strong><\/p>\n\n\n\n<p><strong>Sexta-feira \u2013 12\/09<\/strong><\/p>\n\n\n\n<p>* 09h \u2013 Abertura oficial com Flores Liter\u00e1rias e in\u00edcio da Feira Liter\u00e1ria<\/p>\n\n\n\n<p>* 09h \u2013 Conta\u00e7\u00e3o de hist\u00f3rias com Cristina Chagas<\/p>\n\n\n\n<p>* 10h \u2013 Cortejo brincante com Azul Mirim<\/p>\n\n\n\n<p>* 11h \u2013 Oficinas infantis: pintura com Fabri e escultura de bal\u00f5es com Pernalta<\/p>\n\n\n\n<p>* 14h \u2013 Apresenta\u00e7\u00e3o Pacary Patax\u00f3 \u2013 c\u00e2nticos e saberes da floresta<\/p>\n\n\n\n<p>* 15h \u2013 Conta\u00e7\u00e3o de hist\u00f3rias com Rosana Andr\u00e9ia<\/p>\n\n\n\n<p>* 15h30 \u2013 Roda de Capoeira com Grupo Gerib\u00e1<\/p>\n\n\n\n<p>* 16h \u2013 Roda de conversa \u201cEntre Poemas e Can\u00e7\u00f5es\u201d com Tchelo Santa Rosa, Junior Carri\u00e7o e Luciane Quintanilha<\/p>\n\n\n\n<p>* 17h \u2013 Apresenta\u00e7\u00e3o do est\u00fadio de dan\u00e7a Atitude Dance<\/p>\n\n\n\n<p>* 16h \u00e0s 22h \u2013 Espa\u00e7o Flores e Aldeia Criativa com Farra Po\u00e9tica, recrea\u00e7\u00e3o, marcas criativas, m\u00fasica ao vivo e outras atra\u00e7\u00f5es<\/p>\n\n\n\n<p><strong>S\u00e1bado \u2013 13\/09<\/strong><\/p>\n\n\n\n<p>* 09h \u2013 Hist\u00f3rias Cantantes com Tia D\u00e9bora Musical<\/p>\n\n\n\n<p>* 10h30 \u2013 Show com F\u00e1brica de M\u00fasica<\/p>\n\n\n\n<p>* 11h30 \u2013 Oficinas infantis: pintura, massinha, barquinhos de papel e brincadeiras<\/p>\n\n\n\n<p>* 12h \u2013 Festa das Cores<\/p>\n\n\n\n<p>* 13h \u2013 Coral Despertar Alegria de Viver<\/p>\n\n\n\n<p>* 14h \u2013 Mesa Liter\u00e1ria \u201cA pot\u00eancia dos clubes de leitura\u201d, com Livraria Petit (Dio Cavalcanti e Carol Barros), ALACAF (Vin\u00edcius Grij\u00f3) e Flores Liter\u00e1rias (Rosana Silva e Rosana Andr\u00e9ia)<\/p>\n\n\n\n<p>* 15h30 \u2013 Lan\u00e7amento da 9\u00aa Antologia Po\u00e9tica Flores Liter\u00e1rias \u2013 Entre Mar\u00e9s e Mem\u00f3rias<\/p>\n\n\n\n<p>* 18h \u2013 Entrega do Trof\u00e9u Flores Liter\u00e1rias 2025 e do Pr\u00eamio&nbsp;da&nbsp;Gincana&nbsp;&nbsp;&nbsp;&nbsp; &nbsp;&nbsp;<\/p>\n","protected":false},"excerpt":{"rendered":"<p>A cidade de Cabo Frio se prepara para um dos eventos culturais mais aguardados do ano: a 10\u00aa edi\u00e7\u00e3o da Festa Liter\u00e1ria Cabo-friense, a FLIC 2025, marcada para esta sexta-feira (12) e s\u00e1bado (13), na Pra\u00e7a S\u00e3o Benedito, no bairro Passagem. Com o tema \u201cPalavras que florescem \u2013 10 anos cultivando hist\u00f3rias\u201d, a festa promete [&hellip;]<\/p>\n","protected":false},"author":2,"featured_media":23622,"comment_status":"open","ping_status":"open","sticky":true,"template":"","format":"standard","meta":{"footnotes":""},"categories":[340],"tags":[1896],"class_list":["post-23621","post","type-post","status-publish","format-standard","has-post-thumbnail","hentry","category-cabo-frio","tag-destaque"],"_links":{"self":[{"href":"https:\/\/blogdodanielgalvao.com.br\/site\/wp-json\/wp\/v2\/posts\/23621","targetHints":{"allow":["GET"]}}],"collection":[{"href":"https:\/\/blogdodanielgalvao.com.br\/site\/wp-json\/wp\/v2\/posts"}],"about":[{"href":"https:\/\/blogdodanielgalvao.com.br\/site\/wp-json\/wp\/v2\/types\/post"}],"author":[{"embeddable":true,"href":"https:\/\/blogdodanielgalvao.com.br\/site\/wp-json\/wp\/v2\/users\/2"}],"replies":[{"embeddable":true,"href":"https:\/\/blogdodanielgalvao.com.br\/site\/wp-json\/wp\/v2\/comments?post=23621"}],"version-history":[{"count":1,"href":"https:\/\/blogdodanielgalvao.com.br\/site\/wp-json\/wp\/v2\/posts\/23621\/revisions"}],"predecessor-version":[{"id":23623,"href":"https:\/\/blogdodanielgalvao.com.br\/site\/wp-json\/wp\/v2\/posts\/23621\/revisions\/23623"}],"wp:featuredmedia":[{"embeddable":true,"href":"https:\/\/blogdodanielgalvao.com.br\/site\/wp-json\/wp\/v2\/media\/23622"}],"wp:attachment":[{"href":"https:\/\/blogdodanielgalvao.com.br\/site\/wp-json\/wp\/v2\/media?parent=23621"}],"wp:term":[{"taxonomy":"category","embeddable":true,"href":"https:\/\/blogdodanielgalvao.com.br\/site\/wp-json\/wp\/v2\/categories?post=23621"},{"taxonomy":"post_tag","embeddable":true,"href":"https:\/\/blogdodanielgalvao.com.br\/site\/wp-json\/wp\/v2\/tags?post=23621"}],"curies":[{"name":"wp","href":"https:\/\/api.w.org\/{rel}","templated":true}]}}