{"id":23618,"date":"2025-09-11T14:58:08","date_gmt":"2025-09-11T17:58:08","guid":{"rendered":"https:\/\/blogdodanielgalvao.com.br\/site\/?p=23618"},"modified":"2025-09-11T14:58:10","modified_gmt":"2025-09-11T17:58:10","slug":"limpeza-e-sustentabilidade-em-multidoes-de-cabo-frio-no-litoral","status":"publish","type":"post","link":"https:\/\/blogdodanielgalvao.com.br\/site\/limpeza-e-sustentabilidade-em-multidoes-de-cabo-frio-no-litoral\/","title":{"rendered":"Limpeza e sustentabilidade em multid\u00f5es de Cabo Frio no litoral"},"content":{"rendered":"\n<p>Nos dias 16, 18, 19 e 20 de setembro, a Prefeitura de Cabo Frio, por meio da Secretaria de Meio Ambiente, Clima e Saneamento, promove a Semana de Limpeza do Litoral. A a\u00e7\u00e3o inclui mutir\u00f5es em diversos pontos da cidade e atividades de educa\u00e7\u00e3o ambiental voltadas \u00e0 popula\u00e7\u00e3o. Estudantes da rede p\u00fablica, associa\u00e7\u00f5es de moradores, comerciantes, profissionais da limpeza urbana, ONGs e outras institui\u00e7\u00f5es ambientais est\u00e3o convidados a participar. As atividades ocorrer\u00e3o em locais como Praia do Foguete, Praia do Kalunga, Praia das Palmeiras, Dormit\u00f3rio das Gar\u00e7as, Praia do Per\u00f3, Praia do Forte, Duna Boa Vista (Duna Preta) e Manguezal do Chav\u00e3o, em Tamoios.<\/p>\n\n\n\n<p>A iniciativa est\u00e1 ligada ao Dia Mundial da Limpeza, celebrado em 20 de setembro, que incentiva volunt\u00e1rios em diferentes pa\u00edses a retirarem res\u00edduos de \u00e1reas costeiras. A data tamb\u00e9m chama aten\u00e7\u00e3o para a necessidade de pr\u00e1ticas sustent\u00e1veis, como reduzir o consumo de pl\u00e1stico e descartar o lixo corretamente.<\/p>\n\n\n\n<p>Al\u00e9m da remo\u00e7\u00e3o de res\u00edduos s\u00f3lidos, a programa\u00e7\u00e3o de Cabo Frio inclui capacita\u00e7\u00f5es gratuitas nos tr\u00eas primeiros dias, com o apoio do Instituto BW, que apresentar\u00e1 animais marinhos encontrados mortos devido \u00e0 ingest\u00e3o de pl\u00e1sticos. O objetivo \u00e9 conscientizar crian\u00e7as, jovens e adultos sobre os impactos do lixo no oceano, a import\u00e2ncia da preserva\u00e7\u00e3o dos ambientes costeiros e reconhecer o trabalho di\u00e1rio das equipes municipais de limpeza.<\/p>\n\n\n\n<p>Durante os mutir\u00f5es, os participantes receber\u00e3o orienta\u00e7\u00f5es sobre boas pr\u00e1ticas ambientais, preserva\u00e7\u00e3o da vegeta\u00e7\u00e3o de restinga e destina\u00e7\u00e3o correta dos res\u00edduos. Luvas e suporte t\u00e9cnico estar\u00e3o dispon\u00edveis ao longo das atividades. A ONG Mar Sem Lixo auxiliar\u00e1 na contabiliza\u00e7\u00e3o, pesagem e triagem do material recolhido, gerando dados sobre os tipos e volumes de res\u00edduos que chegam \u00e0s praias.<\/p>\n\n\n\n<p>Segundo o secret\u00e1rio de Meio Ambiente, Clima e Saneamento, Jailton Nogueira, a Semana de Limpeza do Litoral busca fortalecer a consci\u00eancia coletiva com a\u00e7\u00f5es pr\u00e1ticas. \u201c\u00c9 fundamental que cada cidad\u00e3o perceba que a prote\u00e7\u00e3o dos nossos ecossistemas costeiros e marinhos depende de atitudes concretas. Participar desses mutir\u00f5es \u00e9 uma oportunidade de cuidar do nosso litoral, aprender sobre o impacto do lixo e valorizar as equipes que atuam diariamente na conserva\u00e7\u00e3o dos espa\u00e7os p\u00fablicos\u201d, afirmou Jailton.<\/p>\n\n\n\n<p>A a\u00e7\u00e3o tamb\u00e9m integra o programa \u201cCabo Frio Educada\u201d, voltado \u00e0 educa\u00e7\u00e3o ambiental, recupera\u00e7\u00e3o de \u00e1reas verdes e pr\u00e1ticas sustent\u00e1veis, al\u00e9m de colaborar com a coordena\u00e7\u00e3o local do programa \u201cBandeira Azul\u201d, que promove gest\u00e3o sustent\u00e1vel das praias.<\/p>\n\n\n\n<p>A Semana de Limpeza do Litoral \u00e9 organizada com apoio de institui\u00e7\u00f5es p\u00fablicas e privadas, t\u00e9cnicos, bi\u00f3logos e representantes da sociedade civil, como associa\u00e7\u00f5es de moradores, Comsercaf, Prolagos, UERJ, Inea, Shopping Park Lagos, Instituto Ceres, pousadas e membros da Associa\u00e7\u00e3o dos Catadores, Pescadores e Aquicultores do Chav\u00e3o.<\/p>\n\n\n\n<p><strong>Programa\u00e7\u00e3o completa:<\/strong><\/p>\n\n\n\n<p>16 de setembro (ter\u00e7a-feira) \u2013 Praia do Foguete, das 8h \u00e0s 11h, em frente \u00e0 Pousada do Albatroz<\/p>\n\n\n\n<p>18 de setembro (quinta-feira) \u2013 Praia do Kalunga, das 8h \u00e0s 11h, em frente \u00e0 entrada do meio<\/p>\n\n\n\n<p>19 de setembro (sexta-feira) \u2013 Praia das Palmeiras e Parque Municipal Dormit\u00f3rio das Gar\u00e7as Walter Bessa, das 8h \u00e0s 11h<\/p>\n\n\n\n<p>20 de setembro (s\u00e1bado) \u2013 Praia do Forte e Praia do Per\u00f3, das 8h \u00e0s 11h, Manguezal do Chav\u00e3o&nbsp;em&nbsp;Tamoios<\/p>\n","protected":false},"excerpt":{"rendered":"<p>Nos dias 16, 18, 19 e 20 de setembro, a Prefeitura de Cabo Frio, por meio da Secretaria de Meio Ambiente, Clima e Saneamento, promove a Semana de Limpeza do Litoral. A a\u00e7\u00e3o inclui mutir\u00f5es em diversos pontos da cidade e atividades de educa\u00e7\u00e3o ambiental voltadas \u00e0 popula\u00e7\u00e3o. Estudantes da rede p\u00fablica, associa\u00e7\u00f5es de moradores, [&hellip;]<\/p>\n","protected":false},"author":2,"featured_media":23619,"comment_status":"open","ping_status":"open","sticky":true,"template":"","format":"standard","meta":{"footnotes":""},"categories":[340],"tags":[1896],"class_list":["post-23618","post","type-post","status-publish","format-standard","has-post-thumbnail","hentry","category-cabo-frio","tag-destaque"],"_links":{"self":[{"href":"https:\/\/blogdodanielgalvao.com.br\/site\/wp-json\/wp\/v2\/posts\/23618","targetHints":{"allow":["GET"]}}],"collection":[{"href":"https:\/\/blogdodanielgalvao.com.br\/site\/wp-json\/wp\/v2\/posts"}],"about":[{"href":"https:\/\/blogdodanielgalvao.com.br\/site\/wp-json\/wp\/v2\/types\/post"}],"author":[{"embeddable":true,"href":"https:\/\/blogdodanielgalvao.com.br\/site\/wp-json\/wp\/v2\/users\/2"}],"replies":[{"embeddable":true,"href":"https:\/\/blogdodanielgalvao.com.br\/site\/wp-json\/wp\/v2\/comments?post=23618"}],"version-history":[{"count":1,"href":"https:\/\/blogdodanielgalvao.com.br\/site\/wp-json\/wp\/v2\/posts\/23618\/revisions"}],"predecessor-version":[{"id":23620,"href":"https:\/\/blogdodanielgalvao.com.br\/site\/wp-json\/wp\/v2\/posts\/23618\/revisions\/23620"}],"wp:featuredmedia":[{"embeddable":true,"href":"https:\/\/blogdodanielgalvao.com.br\/site\/wp-json\/wp\/v2\/media\/23619"}],"wp:attachment":[{"href":"https:\/\/blogdodanielgalvao.com.br\/site\/wp-json\/wp\/v2\/media?parent=23618"}],"wp:term":[{"taxonomy":"category","embeddable":true,"href":"https:\/\/blogdodanielgalvao.com.br\/site\/wp-json\/wp\/v2\/categories?post=23618"},{"taxonomy":"post_tag","embeddable":true,"href":"https:\/\/blogdodanielgalvao.com.br\/site\/wp-json\/wp\/v2\/tags?post=23618"}],"curies":[{"name":"wp","href":"https:\/\/api.w.org\/{rel}","templated":true}]}}