{"id":23612,"date":"2025-09-11T11:57:11","date_gmt":"2025-09-11T14:57:11","guid":{"rendered":"https:\/\/blogdodanielgalvao.com.br\/site\/?p=23612"},"modified":"2025-09-11T11:57:14","modified_gmt":"2025-09-11T14:57:14","slug":"rio-das-ostras-recebe-evento-de-carros-rock-e-cerveja-no-fim-de-semana","status":"publish","type":"post","link":"https:\/\/blogdodanielgalvao.com.br\/site\/rio-das-ostras-recebe-evento-de-carros-rock-e-cerveja-no-fim-de-semana\/","title":{"rendered":"Rio das Ostras recebe evento de carros, rock e cerveja no fim de semana"},"content":{"rendered":"\n<p>O Shopping Plaza Rio das Ostras apresenta, a partir dessa sexta-feira, 12, o evento Rock Car Fest, que acontece at\u00e9 s\u00e1bado, 13, na Arena Plaza, misturando a cultura dos chamados carros rebaixados com rock e cerveja.<\/p>\n\n\n\n<p>O festival promete ser uma celebra\u00e7\u00e3o da cultura automotiva e do rock nacional, reunindo fam\u00edlias, apaixonados por carros, cervejeiros e f\u00e3s de boa m\u00fasica, em uma programa\u00e7\u00e3o que conta com bandas autorais e tributos a grandes cl\u00e1ssicos.<\/p>\n\n\n\n<p>Abrindo a programa\u00e7\u00e3o musical, nessa sexta-feira, o p\u00fablico confere a apresenta\u00e7\u00e3o do cantor e instrumentista Hiata Anderson, a partir das 14h, seguido pela Banda Joker, \u00e0s 16h, fechando a Banda Omnia, que traz um tributo \u00e0 Legi\u00e3o Urbana, a partir das 19h.<\/p>\n\n\n\n<p>No s\u00e1bado, o som fica por conta do cantor Diego Black, apresentando um tributo ao O Rappa, \u00e0s 14h, seguido da Banda Equalize, com uma homenagem \u00e0 cantora Pitty, \u00e0s 16h, fechando com um show ac\u00fastico da banda Unplugados, \u00e0s 19h.<\/p>\n\n\n\n<p>\u201cO Rock Car Fest na Arena Plaza \u00e9 um convite para curtir boa m\u00fasica, apreciar ve\u00edculos incr\u00edveis e viver uma experi\u00eancia completa em um ambiente seguro e ao ar livre\u201d, convida a produ\u00e7\u00e3o, lembrando que a entrada \u00e9 gratuita.<\/p>\n","protected":false},"excerpt":{"rendered":"<p>O Shopping Plaza Rio das Ostras apresenta, a partir dessa sexta-feira, 12, o evento Rock Car Fest, que acontece at\u00e9 s\u00e1bado, 13, na Arena Plaza, misturando a cultura dos chamados carros rebaixados com rock e cerveja. O festival promete ser uma celebra\u00e7\u00e3o da cultura automotiva e do rock nacional, reunindo fam\u00edlias, apaixonados por carros, cervejeiros [&hellip;]<\/p>\n","protected":false},"author":2,"featured_media":23613,"comment_status":"open","ping_status":"open","sticky":false,"template":"","format":"standard","meta":{"footnotes":""},"categories":[4],"tags":[76],"class_list":["post-23612","post","type-post","status-publish","format-standard","has-post-thumbnail","hentry","category-rio-das-ostras","tag-rio-das-ostras"],"_links":{"self":[{"href":"https:\/\/blogdodanielgalvao.com.br\/site\/wp-json\/wp\/v2\/posts\/23612","targetHints":{"allow":["GET"]}}],"collection":[{"href":"https:\/\/blogdodanielgalvao.com.br\/site\/wp-json\/wp\/v2\/posts"}],"about":[{"href":"https:\/\/blogdodanielgalvao.com.br\/site\/wp-json\/wp\/v2\/types\/post"}],"author":[{"embeddable":true,"href":"https:\/\/blogdodanielgalvao.com.br\/site\/wp-json\/wp\/v2\/users\/2"}],"replies":[{"embeddable":true,"href":"https:\/\/blogdodanielgalvao.com.br\/site\/wp-json\/wp\/v2\/comments?post=23612"}],"version-history":[{"count":1,"href":"https:\/\/blogdodanielgalvao.com.br\/site\/wp-json\/wp\/v2\/posts\/23612\/revisions"}],"predecessor-version":[{"id":23614,"href":"https:\/\/blogdodanielgalvao.com.br\/site\/wp-json\/wp\/v2\/posts\/23612\/revisions\/23614"}],"wp:featuredmedia":[{"embeddable":true,"href":"https:\/\/blogdodanielgalvao.com.br\/site\/wp-json\/wp\/v2\/media\/23613"}],"wp:attachment":[{"href":"https:\/\/blogdodanielgalvao.com.br\/site\/wp-json\/wp\/v2\/media?parent=23612"}],"wp:term":[{"taxonomy":"category","embeddable":true,"href":"https:\/\/blogdodanielgalvao.com.br\/site\/wp-json\/wp\/v2\/categories?post=23612"},{"taxonomy":"post_tag","embeddable":true,"href":"https:\/\/blogdodanielgalvao.com.br\/site\/wp-json\/wp\/v2\/tags?post=23612"}],"curies":[{"name":"wp","href":"https:\/\/api.w.org\/{rel}","templated":true}]}}