{"id":23609,"date":"2025-09-11T10:54:01","date_gmt":"2025-09-11T13:54:01","guid":{"rendered":"https:\/\/blogdodanielgalvao.com.br\/site\/?p=23609"},"modified":"2025-09-11T10:54:04","modified_gmt":"2025-09-11T13:54:04","slug":"setor-de-inteligencia-da-policia-civil-leva-a-prisao-de-um-dos-chefes-do-trafico-em-macae","status":"publish","type":"post","link":"https:\/\/blogdodanielgalvao.com.br\/site\/setor-de-inteligencia-da-policia-civil-leva-a-prisao-de-um-dos-chefes-do-trafico-em-macae\/","title":{"rendered":"Setor de intelig\u00eancia da Pol\u00edcia Civil leva \u00e0 pris\u00e3o de um dos chefes do tr\u00e1fico em Maca\u00e9"},"content":{"rendered":"\n<p>A Pol\u00edcia Civil de Maca\u00e9 conseguiu localizar e prender um homem apontado como uma das lideran\u00e7as da fac\u00e7\u00e3o criminosa ADA na comunidade Malvinas. A a\u00e7\u00e3o aconteceu na tarde da \u00faltima quarta-feira (10) e contou com a coordena\u00e7\u00e3o do delegado da 123\u00aa DP, Dr. Pedro Em\u00edlio de Souza Braga.<\/p>\n\n\n\n<p>O homem \u00e9 conhecido na comunidade pelo apelido \u201cbarata\u201d. Contra ele, a pol\u00edcia afirma que havia um mandado de recaptura pelo crime de homic\u00eddio tentado e associa\u00e7\u00e3o para o tr\u00e1fico de drogas.<\/p>\n\n\n\n<p>A civil chegou at\u00e9 o criminoso por meio de um trabalho de intelig\u00eancia, que buscava reunir informa\u00e7\u00f5es sobre o foragido. Com base nessas informa\u00e7\u00f5es, foi montada a opera\u00e7\u00e3o, que culminou com a pris\u00e3o do acusado na rua principal do bairro.<\/p>\n\n\n\n<p>Durante a opera\u00e7\u00e3o, os policiais tamb\u00e9m encontraram drogas prontas para comercializa\u00e7\u00e3o. Diante do material apreendido, al\u00e9m do cumprimento do mandado, foi lavrado auto de pris\u00e3o em flagrante pelo crime de tr\u00e1fico de drogas e associa\u00e7\u00e3o para o tr\u00e1fico.<\/p>\n","protected":false},"excerpt":{"rendered":"<p>A Pol\u00edcia Civil de Maca\u00e9 conseguiu localizar e prender um homem apontado como uma das lideran\u00e7as da fac\u00e7\u00e3o criminosa ADA na comunidade Malvinas. A a\u00e7\u00e3o aconteceu na tarde da \u00faltima quarta-feira (10) e contou com a coordena\u00e7\u00e3o do delegado da 123\u00aa DP, Dr. Pedro Em\u00edlio de Souza Braga. O homem \u00e9 conhecido na comunidade pelo [&hellip;]<\/p>\n","protected":false},"author":2,"featured_media":23610,"comment_status":"open","ping_status":"open","sticky":false,"template":"","format":"standard","meta":{"footnotes":""},"categories":[1899],"tags":[494],"class_list":["post-23609","post","type-post","status-publish","format-standard","has-post-thumbnail","hentry","category-policia","tag-policia"],"_links":{"self":[{"href":"https:\/\/blogdodanielgalvao.com.br\/site\/wp-json\/wp\/v2\/posts\/23609","targetHints":{"allow":["GET"]}}],"collection":[{"href":"https:\/\/blogdodanielgalvao.com.br\/site\/wp-json\/wp\/v2\/posts"}],"about":[{"href":"https:\/\/blogdodanielgalvao.com.br\/site\/wp-json\/wp\/v2\/types\/post"}],"author":[{"embeddable":true,"href":"https:\/\/blogdodanielgalvao.com.br\/site\/wp-json\/wp\/v2\/users\/2"}],"replies":[{"embeddable":true,"href":"https:\/\/blogdodanielgalvao.com.br\/site\/wp-json\/wp\/v2\/comments?post=23609"}],"version-history":[{"count":1,"href":"https:\/\/blogdodanielgalvao.com.br\/site\/wp-json\/wp\/v2\/posts\/23609\/revisions"}],"predecessor-version":[{"id":23611,"href":"https:\/\/blogdodanielgalvao.com.br\/site\/wp-json\/wp\/v2\/posts\/23609\/revisions\/23611"}],"wp:featuredmedia":[{"embeddable":true,"href":"https:\/\/blogdodanielgalvao.com.br\/site\/wp-json\/wp\/v2\/media\/23610"}],"wp:attachment":[{"href":"https:\/\/blogdodanielgalvao.com.br\/site\/wp-json\/wp\/v2\/media?parent=23609"}],"wp:term":[{"taxonomy":"category","embeddable":true,"href":"https:\/\/blogdodanielgalvao.com.br\/site\/wp-json\/wp\/v2\/categories?post=23609"},{"taxonomy":"post_tag","embeddable":true,"href":"https:\/\/blogdodanielgalvao.com.br\/site\/wp-json\/wp\/v2\/tags?post=23609"}],"curies":[{"name":"wp","href":"https:\/\/api.w.org\/{rel}","templated":true}]}}