{"id":23582,"date":"2025-09-10T18:42:27","date_gmt":"2025-09-10T21:42:27","guid":{"rendered":"https:\/\/blogdodanielgalvao.com.br\/site\/?p=23582"},"modified":"2025-09-10T18:42:31","modified_gmt":"2025-09-10T21:42:31","slug":"reuniao-com-saude-estadual-anima-rio-das-ostras-sobre-ampliacao-do-hospital","status":"publish","type":"post","link":"https:\/\/blogdodanielgalvao.com.br\/site\/reuniao-com-saude-estadual-anima-rio-das-ostras-sobre-ampliacao-do-hospital\/","title":{"rendered":"Reuni\u00e3o com Sa\u00fade estadual anima Rio das Ostras sobre amplia\u00e7\u00e3o do hospital"},"content":{"rendered":"\n<p>O prefeito de Rio das Ostras, Carlos Augusto (PL), esteve no Rio de Janeiro nessa semana para uma reuni\u00e3o com a secret\u00e1ria estadual de Sa\u00fade, Claudia Mello, onde discutiu medidas para melhorar a qualidade do servi\u00e7o na cidade.<\/p>\n\n\n\n<p>Entre as pautas do encontro esteve tamb\u00e9m a obra de amplia\u00e7\u00e3o do Hospital Municipal, considerada fundamental para que a sa\u00fade do munic\u00edpio volte a receber investimentos estaduais e federais, al\u00e9m de atender melhor a popula\u00e7\u00e3o.<\/p>\n\n\n\n<p>\u201cPassei a manh\u00e3 de hoje (ter\u00e7a, 8) na Secretaria Estadual de Sa\u00fade, ao lado da secret\u00e1ria Dra. Claudia Mello. E fico muito feliz em ver como estamos avan\u00e7ando na t\u00e3o sonhada amplia\u00e7\u00e3o do nosso Hospital Municipal. Esse \u00e9 um passo fundamental para que Rio das Ostras volte a receber os investimentos necess\u00e1rios em sa\u00fade e volte a ser refer\u00eancia no Estado\u201d, contou Carlos Augusto.<\/p>\n\n\n\n<p>Em publica\u00e7\u00e3o nas suas redes sociais, o prefeito fez quest\u00e3o ainda de agradecer o apoio do governador Cl\u00e1udio Castro (PL), al\u00e9m de ressaltar a import\u00e2ncia do di\u00e1logo com os governos estadual e federal, em busca de solu\u00e7\u00f5es para a cidade.<\/p>\n\n\n\n<p>\u201cAgrade\u00e7o ao governador Cl\u00e1udio Castro pela parceria e pelo di\u00e1logo aberto, sempre! Somente com a uni\u00e3o entre os governos municipal, estadual e federal, conseguiremos transformar esse projeto em realidade. Estamos vivendo um novo tempo em Rio das Ostras e, com trabalho intenso e uni\u00e3o de for\u00e7as, vamos garantir muito mais qualidade de vida para a nossa popula\u00e7\u00e3o!\u201d, completou Carlos Augusto.<\/p>\n","protected":false},"excerpt":{"rendered":"<p>O prefeito de Rio das Ostras, Carlos Augusto (PL), esteve no Rio de Janeiro nessa semana para uma reuni\u00e3o com a secret\u00e1ria estadual de Sa\u00fade, Claudia Mello, onde discutiu medidas para melhorar a qualidade do servi\u00e7o na cidade. Entre as pautas do encontro esteve tamb\u00e9m a obra de amplia\u00e7\u00e3o do Hospital Municipal, considerada fundamental para [&hellip;]<\/p>\n","protected":false},"author":2,"featured_media":23583,"comment_status":"open","ping_status":"open","sticky":false,"template":"","format":"standard","meta":{"footnotes":""},"categories":[4],"tags":[2989],"class_list":["post-23582","post","type-post","status-publish","format-standard","has-post-thumbnail","hentry","category-rio-das-ostras","tag-ampliacao-do-hospital-municipal"],"_links":{"self":[{"href":"https:\/\/blogdodanielgalvao.com.br\/site\/wp-json\/wp\/v2\/posts\/23582","targetHints":{"allow":["GET"]}}],"collection":[{"href":"https:\/\/blogdodanielgalvao.com.br\/site\/wp-json\/wp\/v2\/posts"}],"about":[{"href":"https:\/\/blogdodanielgalvao.com.br\/site\/wp-json\/wp\/v2\/types\/post"}],"author":[{"embeddable":true,"href":"https:\/\/blogdodanielgalvao.com.br\/site\/wp-json\/wp\/v2\/users\/2"}],"replies":[{"embeddable":true,"href":"https:\/\/blogdodanielgalvao.com.br\/site\/wp-json\/wp\/v2\/comments?post=23582"}],"version-history":[{"count":1,"href":"https:\/\/blogdodanielgalvao.com.br\/site\/wp-json\/wp\/v2\/posts\/23582\/revisions"}],"predecessor-version":[{"id":23584,"href":"https:\/\/blogdodanielgalvao.com.br\/site\/wp-json\/wp\/v2\/posts\/23582\/revisions\/23584"}],"wp:featuredmedia":[{"embeddable":true,"href":"https:\/\/blogdodanielgalvao.com.br\/site\/wp-json\/wp\/v2\/media\/23583"}],"wp:attachment":[{"href":"https:\/\/blogdodanielgalvao.com.br\/site\/wp-json\/wp\/v2\/media?parent=23582"}],"wp:term":[{"taxonomy":"category","embeddable":true,"href":"https:\/\/blogdodanielgalvao.com.br\/site\/wp-json\/wp\/v2\/categories?post=23582"},{"taxonomy":"post_tag","embeddable":true,"href":"https:\/\/blogdodanielgalvao.com.br\/site\/wp-json\/wp\/v2\/tags?post=23582"}],"curies":[{"name":"wp","href":"https:\/\/api.w.org\/{rel}","templated":true}]}}