{"id":23574,"date":"2025-09-10T18:22:40","date_gmt":"2025-09-10T21:22:40","guid":{"rendered":"https:\/\/blogdodanielgalvao.com.br\/site\/?p=23574"},"modified":"2025-09-10T18:22:45","modified_gmt":"2025-09-10T21:22:45","slug":"policial-militar-ligado-a-execucao-de-4-pessoas-em-silva-jardim-e-preso-pela-civil","status":"publish","type":"post","link":"https:\/\/blogdodanielgalvao.com.br\/site\/policial-militar-ligado-a-execucao-de-4-pessoas-em-silva-jardim-e-preso-pela-civil\/","title":{"rendered":"Policial militar ligado \u00e0 execu\u00e7\u00e3o de 4 pessoas em Silva Jardim \u00e9 preso pela Civil"},"content":{"rendered":"\n<p>Investiga\u00e7\u00f5es conduzidas pela 120\u00aa Delegacia de Pol\u00edcia Civil (120\u00aa DP), de Silva Jardim, levaram as autoridades a prenderem, nessa segunda-feira, 8, um policial militar acusado de participa\u00e7\u00e3o no assassinato de 4 pessoas em Silva Jardim.<\/p>\n\n\n\n<p>A a\u00e7\u00e3o envolveu a participa\u00e7\u00e3o de policiais civis da 70\u00aa DP, de Tangu\u00e1, da 71\u00aa DP, de Itabora\u00ed, da 73\u00aa DP, de Neves, e da 74\u00aa DP, de Alc\u00e2ntara, al\u00e9m da 1\u00aa e da 4\u00aa Delegacia de Pol\u00edcia Judici\u00e1ria Militar (DPJM).<\/p>\n\n\n\n<p>A captura aconteceu na cidade de Itabora\u00ed, no Leste Fluminense, cumprindo mandado de pris\u00e3o tempor\u00e1ria, al\u00e9m de um mandado de busca e apreens\u00e3o, em um endere\u00e7o onde foram encontrados uma pistola Taurus PT 838, calibre .38, telefones celulares, um notebook, e um carro Toyota Corolla preto, que teria sido utilizado no crime.<\/p>\n\n\n\n<p>\u201cDe acordo com as investiga\u00e7\u00f5es, o carro dele, um Toyota Corolla de cor preta, foi usado na a\u00e7\u00e3o, sendo que ficou evidente que o preso estava no local em momento dos fatos. A pol\u00edcia ainda investiga a motiva\u00e7\u00e3o do crime, que pode ter sido por vingan\u00e7a\u201d, contou o delegado Geraldo Assed, da 120\u00aa DP, ao portal Folha da Terra.<\/p>\n\n\n\n<p>A Pol\u00edcia Civil n\u00e3o descarta a possibilidade do envolvimento de outras pessoas no crime que chocou a cidade de Silva Jardim no \u00faltimo dia 19 de junho, quando uma mulher 3 e homens foram assassinados no bairro Cidade Nova.<\/p>\n\n\n\n<p>Segundo informa\u00e7\u00f5es ouvidas pelo portal Folha da Terra, atrav\u00e9s de pessoas que n\u00e3o quiseram se identificar, as v\u00edtimas teriam sido encapuzadas antes de morrerem, o que refor\u00e7a teoria do crime se tratar de uma execu\u00e7\u00e3o.<\/p>\n","protected":false},"excerpt":{"rendered":"<p>Investiga\u00e7\u00f5es conduzidas pela 120\u00aa Delegacia de Pol\u00edcia Civil (120\u00aa DP), de Silva Jardim, levaram as autoridades a prenderem, nessa segunda-feira, 8, um policial militar acusado de participa\u00e7\u00e3o no assassinato de 4 pessoas em Silva Jardim. A a\u00e7\u00e3o envolveu a participa\u00e7\u00e3o de policiais civis da 70\u00aa DP, de Tangu\u00e1, da 71\u00aa DP, de Itabora\u00ed, da 73\u00aa [&hellip;]<\/p>\n","protected":false},"author":2,"featured_media":23576,"comment_status":"open","ping_status":"open","sticky":false,"template":"","format":"standard","meta":{"footnotes":""},"categories":[1899],"tags":[494],"class_list":["post-23574","post","type-post","status-publish","format-standard","has-post-thumbnail","hentry","category-policia","tag-policia"],"_links":{"self":[{"href":"https:\/\/blogdodanielgalvao.com.br\/site\/wp-json\/wp\/v2\/posts\/23574","targetHints":{"allow":["GET"]}}],"collection":[{"href":"https:\/\/blogdodanielgalvao.com.br\/site\/wp-json\/wp\/v2\/posts"}],"about":[{"href":"https:\/\/blogdodanielgalvao.com.br\/site\/wp-json\/wp\/v2\/types\/post"}],"author":[{"embeddable":true,"href":"https:\/\/blogdodanielgalvao.com.br\/site\/wp-json\/wp\/v2\/users\/2"}],"replies":[{"embeddable":true,"href":"https:\/\/blogdodanielgalvao.com.br\/site\/wp-json\/wp\/v2\/comments?post=23574"}],"version-history":[{"count":1,"href":"https:\/\/blogdodanielgalvao.com.br\/site\/wp-json\/wp\/v2\/posts\/23574\/revisions"}],"predecessor-version":[{"id":23577,"href":"https:\/\/blogdodanielgalvao.com.br\/site\/wp-json\/wp\/v2\/posts\/23574\/revisions\/23577"}],"wp:featuredmedia":[{"embeddable":true,"href":"https:\/\/blogdodanielgalvao.com.br\/site\/wp-json\/wp\/v2\/media\/23576"}],"wp:attachment":[{"href":"https:\/\/blogdodanielgalvao.com.br\/site\/wp-json\/wp\/v2\/media?parent=23574"}],"wp:term":[{"taxonomy":"category","embeddable":true,"href":"https:\/\/blogdodanielgalvao.com.br\/site\/wp-json\/wp\/v2\/categories?post=23574"},{"taxonomy":"post_tag","embeddable":true,"href":"https:\/\/blogdodanielgalvao.com.br\/site\/wp-json\/wp\/v2\/tags?post=23574"}],"curies":[{"name":"wp","href":"https:\/\/api.w.org\/{rel}","templated":true}]}}