{"id":23570,"date":"2025-09-10T18:15:47","date_gmt":"2025-09-10T21:15:47","guid":{"rendered":"https:\/\/blogdodanielgalvao.com.br\/site\/?p=23570"},"modified":"2025-09-10T18:15:51","modified_gmt":"2025-09-10T21:15:51","slug":"homem-com-passagens-criminais-e-preso-por-agredir-a-companheira-em-campos","status":"publish","type":"post","link":"https:\/\/blogdodanielgalvao.com.br\/site\/homem-com-passagens-criminais-e-preso-por-agredir-a-companheira-em-campos\/","title":{"rendered":"Homem com passagens criminais \u00e9 preso por agredir a companheira em Campos"},"content":{"rendered":"\n<p>Um homem de 34 anos foi preso em Campos acusado de agredir a companheira, uma mulher de 35. A a\u00e7\u00e3o aconteceu na \u00faltima ter\u00e7a-feira (9) na comunidade Tira Gosto. A pr\u00f3pria v\u00edtima procurou a Delegacia Especializada de Atendimento \u00e0 Mulher (DEAM) para denunciar o caso.<\/p>\n\n\n\n<p>No depoimento, a mulher contou que foi agredida com socos e pauladas no rosto e na cabe\u00e7a dentro de um bar na comunidade. Ele tamb\u00e9m disse ter sofrido pux\u00f5es no cabelo. O companheiro a retirou do local e fez novas amea\u00e7as caso ela retornasse ao bar. Por conta do epis\u00f3dio, ela solicitou medidas protetivas de urg\u00eancia.<\/p>\n\n\n\n<p>Com base nas informa\u00e7\u00f5es levantadas, pol\u00edciais civis montaram a opera\u00e7\u00e3o e conseguiram localizar o agressor ainda dentro da comunidade. Ele foi preso sem apresentar resist\u00eancia. O homem foi conduzido para a delegacia, onde foi autuado por les\u00e3o corporal com base na Lei Maria da Penha. A opera\u00e7\u00e3o foi coordenada pela delegada titular, Juliana Oliveira.<\/p>\n\n\n\n<p>Na delegacia, a pol\u00edcia descobriu que o agressor possuia diversas anota\u00e7\u00f5es criminais, incluindo tr\u00e1fico de drogas, associa\u00e7\u00e3o para o tr\u00e1fico e roubo.<\/p>\n","protected":false},"excerpt":{"rendered":"<p>Um homem de 34 anos foi preso em Campos acusado de agredir a companheira, uma mulher de 35. A a\u00e7\u00e3o aconteceu na \u00faltima ter\u00e7a-feira (9) na comunidade Tira Gosto. A pr\u00f3pria v\u00edtima procurou a Delegacia Especializada de Atendimento \u00e0 Mulher (DEAM) para denunciar o caso. No depoimento, a mulher contou que foi agredida com socos [&hellip;]<\/p>\n","protected":false},"author":2,"featured_media":23572,"comment_status":"open","ping_status":"open","sticky":false,"template":"","format":"standard","meta":{"footnotes":""},"categories":[1899],"tags":[],"class_list":["post-23570","post","type-post","status-publish","format-standard","has-post-thumbnail","hentry","category-policia"],"_links":{"self":[{"href":"https:\/\/blogdodanielgalvao.com.br\/site\/wp-json\/wp\/v2\/posts\/23570","targetHints":{"allow":["GET"]}}],"collection":[{"href":"https:\/\/blogdodanielgalvao.com.br\/site\/wp-json\/wp\/v2\/posts"}],"about":[{"href":"https:\/\/blogdodanielgalvao.com.br\/site\/wp-json\/wp\/v2\/types\/post"}],"author":[{"embeddable":true,"href":"https:\/\/blogdodanielgalvao.com.br\/site\/wp-json\/wp\/v2\/users\/2"}],"replies":[{"embeddable":true,"href":"https:\/\/blogdodanielgalvao.com.br\/site\/wp-json\/wp\/v2\/comments?post=23570"}],"version-history":[{"count":2,"href":"https:\/\/blogdodanielgalvao.com.br\/site\/wp-json\/wp\/v2\/posts\/23570\/revisions"}],"predecessor-version":[{"id":23575,"href":"https:\/\/blogdodanielgalvao.com.br\/site\/wp-json\/wp\/v2\/posts\/23570\/revisions\/23575"}],"wp:featuredmedia":[{"embeddable":true,"href":"https:\/\/blogdodanielgalvao.com.br\/site\/wp-json\/wp\/v2\/media\/23572"}],"wp:attachment":[{"href":"https:\/\/blogdodanielgalvao.com.br\/site\/wp-json\/wp\/v2\/media?parent=23570"}],"wp:term":[{"taxonomy":"category","embeddable":true,"href":"https:\/\/blogdodanielgalvao.com.br\/site\/wp-json\/wp\/v2\/categories?post=23570"},{"taxonomy":"post_tag","embeddable":true,"href":"https:\/\/blogdodanielgalvao.com.br\/site\/wp-json\/wp\/v2\/tags?post=23570"}],"curies":[{"name":"wp","href":"https:\/\/api.w.org\/{rel}","templated":true}]}}