{"id":23567,"date":"2025-09-10T18:09:31","date_gmt":"2025-09-10T21:09:31","guid":{"rendered":"https:\/\/blogdodanielgalvao.com.br\/site\/?p=23567"},"modified":"2025-09-10T18:09:34","modified_gmt":"2025-09-10T21:09:34","slug":"encontro-do-roda-jovem-em-quissama-aborda-saude-mental-e-diversidade-da-juventude","status":"publish","type":"post","link":"https:\/\/blogdodanielgalvao.com.br\/site\/encontro-do-roda-jovem-em-quissama-aborda-saude-mental-e-diversidade-da-juventude\/","title":{"rendered":"Encontro do Roda Jovem em Quissam\u00e3 aborda sa\u00fade mental e diversidade da juventude"},"content":{"rendered":"\n<p>Reflex\u00e3o, escuta ativa e autoconhecimento marcaram o encontro do Projeto Roda Jovem: Encontros para Transformar, realizado nesta ter\u00e7a-feira (9), na sede da Secretaria Municipal de Direitos Humanos e Cidadania. A a\u00e7\u00e3o reuniu participantes do programa Jovens em A\u00e7\u00e3o para um debate sobre o Setembro Amarelo, campanha nacional de preven\u00e7\u00e3o ao suic\u00eddio.<\/p>\n\n\n\n<p>O encontro teve como principal objetivo incentivar os jovens a refletirem sobre os diversos perfis da juventude e a import\u00e2ncia do cuidado com a sa\u00fade mental, refor\u00e7ando o papel do di\u00e1logo e da empatia como ferramentas de transforma\u00e7\u00e3o social.<\/p>\n\n\n\n<p>Em sintonia com o esp\u00edrito do projeto, a roda de conversa proporcionou um espa\u00e7o seguro para a troca de experi\u00eancias, o fortalecimento de v\u00ednculos e a promo\u00e7\u00e3o do bem-estar emocional entre os participantes.<\/p>\n\n\n\n<p>A roda de conversa foi conduzida pela coordenadora de Pol\u00edticas para a Juventude, Anne Caroline Cardoso, que destacou o papel da escuta ativa nesse processo. \u201cO Setembro Amarelo \u00e9 um momento de sensibiliza\u00e7\u00e3o, mas precisamos lembrar que o cuidado com a sa\u00fade mental deve estar presente em todos os dias do ano. Criar espa\u00e7os de di\u00e1logo como este fortalece a juventude e contribui para que cada um se sinta acolhido e valorizado\u201d, afirmou.<\/p>\n\n\n\n<p>A iniciativa refor\u00e7a o compromisso do munic\u00edpio em promover oportunidades de di\u00e1logo, acolhimento e protagonismo juvenil, construindo caminhos para que os jovens se reconhe\u00e7am como agentes de transforma\u00e7\u00e3o social.<\/p>\n","protected":false},"excerpt":{"rendered":"<p>Reflex\u00e3o, escuta ativa e autoconhecimento marcaram o encontro do Projeto Roda Jovem: Encontros para Transformar, realizado nesta ter\u00e7a-feira (9), na sede da Secretaria Municipal de Direitos Humanos e Cidadania. A a\u00e7\u00e3o reuniu participantes do programa Jovens em A\u00e7\u00e3o para um debate sobre o Setembro Amarelo, campanha nacional de preven\u00e7\u00e3o ao suic\u00eddio. O encontro teve como [&hellip;]<\/p>\n","protected":false},"author":2,"featured_media":23568,"comment_status":"open","ping_status":"open","sticky":false,"template":"","format":"standard","meta":{"footnotes":""},"categories":[5],"tags":[2988],"class_list":["post-23567","post","type-post","status-publish","format-standard","has-post-thumbnail","hentry","category-quissama","tag-encontro-do-roda-jovem-em-quissama"],"_links":{"self":[{"href":"https:\/\/blogdodanielgalvao.com.br\/site\/wp-json\/wp\/v2\/posts\/23567","targetHints":{"allow":["GET"]}}],"collection":[{"href":"https:\/\/blogdodanielgalvao.com.br\/site\/wp-json\/wp\/v2\/posts"}],"about":[{"href":"https:\/\/blogdodanielgalvao.com.br\/site\/wp-json\/wp\/v2\/types\/post"}],"author":[{"embeddable":true,"href":"https:\/\/blogdodanielgalvao.com.br\/site\/wp-json\/wp\/v2\/users\/2"}],"replies":[{"embeddable":true,"href":"https:\/\/blogdodanielgalvao.com.br\/site\/wp-json\/wp\/v2\/comments?post=23567"}],"version-history":[{"count":1,"href":"https:\/\/blogdodanielgalvao.com.br\/site\/wp-json\/wp\/v2\/posts\/23567\/revisions"}],"predecessor-version":[{"id":23569,"href":"https:\/\/blogdodanielgalvao.com.br\/site\/wp-json\/wp\/v2\/posts\/23567\/revisions\/23569"}],"wp:featuredmedia":[{"embeddable":true,"href":"https:\/\/blogdodanielgalvao.com.br\/site\/wp-json\/wp\/v2\/media\/23568"}],"wp:attachment":[{"href":"https:\/\/blogdodanielgalvao.com.br\/site\/wp-json\/wp\/v2\/media?parent=23567"}],"wp:term":[{"taxonomy":"category","embeddable":true,"href":"https:\/\/blogdodanielgalvao.com.br\/site\/wp-json\/wp\/v2\/categories?post=23567"},{"taxonomy":"post_tag","embeddable":true,"href":"https:\/\/blogdodanielgalvao.com.br\/site\/wp-json\/wp\/v2\/tags?post=23567"}],"curies":[{"name":"wp","href":"https:\/\/api.w.org\/{rel}","templated":true}]}}