{"id":23558,"date":"2025-09-10T17:14:09","date_gmt":"2025-09-10T20:14:09","guid":{"rendered":"https:\/\/blogdodanielgalvao.com.br\/site\/?p=23558"},"modified":"2025-09-10T17:14:12","modified_gmt":"2025-09-10T20:14:12","slug":"jardim-esperanca-sedia-acao-de-conscientizacao-sobre-saude-mental-em-cabo-frio","status":"publish","type":"post","link":"https:\/\/blogdodanielgalvao.com.br\/site\/jardim-esperanca-sedia-acao-de-conscientizacao-sobre-saude-mental-em-cabo-frio\/","title":{"rendered":"Jardim Esperan\u00e7a sedia a\u00e7\u00e3o de conscientiza\u00e7\u00e3o sobre sa\u00fade mental em Cabo Frio"},"content":{"rendered":"\n<p>Nesta quinta-feira (11), a Pra\u00e7a Agenor dos Santos, em frente ao Hospital Municipal Otime Cardoso dos Santos, ser\u00e1 palco da A\u00e7\u00e3o Ambulat\u00f3rio do Setembro Amarelo. A atividade, organizada pela Secretaria Municipal de Sa\u00fade, acontece das 9h \u00e0s 12h, reunindo profissionais e a comunidade em rodas de conversa sobre preven\u00e7\u00e3o e cuidados em sa\u00fade mental.<\/p>\n\n\n\n<p>A iniciativa \u00e9 do Ambulat\u00f3rio de Sa\u00fade Mental do hospital, em parceria com o N\u00facleo PICS, e tem como foco ampliar o di\u00e1logo sobre pr\u00e1ticas de cuidado que v\u00e3o al\u00e9m da medica\u00e7\u00e3o e da psicoterapia, valorizando tamb\u00e9m abordagens complementares e integrativas.<\/p>\n\n\n\n<p>Entre os temas abordados estar\u00e3o a relev\u00e2ncia da fala na preven\u00e7\u00e3o da depress\u00e3o e do suic\u00eddio, a contribui\u00e7\u00e3o da alimenta\u00e7\u00e3o saud\u00e1vel, os benef\u00edcios da atividade f\u00edsica e a import\u00e2ncia das pr\u00e1ticas integrativas e complementares. Psic\u00f3logos, nutricionistas, educadores f\u00edsicos e a coordena\u00e7\u00e3o do N\u00facleo PICS conduzir\u00e3o as conversas, al\u00e9m de apresentar e aplicar algumas dessas t\u00e9cnicas durante o encontro.<\/p>\n\n\n\n<p>Durante todo o m\u00eas, a Prefeitura de Cabo Frio tem promovido diferentes a\u00e7\u00f5es dentro da campanha mundial Setembro Amarelo, que este ano refor\u00e7a a mensagem: \u201cSe precisar, pe\u00e7a ajuda\u201d. Deixando livre o caminho de entender e&nbsp;aceitar&nbsp;ajuda.&nbsp;&nbsp;&nbsp;<\/p>\n","protected":false},"excerpt":{"rendered":"<p>Nesta quinta-feira (11), a Pra\u00e7a Agenor dos Santos, em frente ao Hospital Municipal Otime Cardoso dos Santos, ser\u00e1 palco da A\u00e7\u00e3o Ambulat\u00f3rio do Setembro Amarelo. A atividade, organizada pela Secretaria Municipal de Sa\u00fade, acontece das 9h \u00e0s 12h, reunindo profissionais e a comunidade em rodas de conversa sobre preven\u00e7\u00e3o e cuidados em sa\u00fade mental. A [&hellip;]<\/p>\n","protected":false},"author":2,"featured_media":23559,"comment_status":"open","ping_status":"open","sticky":true,"template":"","format":"standard","meta":{"footnotes":""},"categories":[340],"tags":[1896],"class_list":["post-23558","post","type-post","status-publish","format-standard","has-post-thumbnail","hentry","category-cabo-frio","tag-destaque"],"_links":{"self":[{"href":"https:\/\/blogdodanielgalvao.com.br\/site\/wp-json\/wp\/v2\/posts\/23558","targetHints":{"allow":["GET"]}}],"collection":[{"href":"https:\/\/blogdodanielgalvao.com.br\/site\/wp-json\/wp\/v2\/posts"}],"about":[{"href":"https:\/\/blogdodanielgalvao.com.br\/site\/wp-json\/wp\/v2\/types\/post"}],"author":[{"embeddable":true,"href":"https:\/\/blogdodanielgalvao.com.br\/site\/wp-json\/wp\/v2\/users\/2"}],"replies":[{"embeddable":true,"href":"https:\/\/blogdodanielgalvao.com.br\/site\/wp-json\/wp\/v2\/comments?post=23558"}],"version-history":[{"count":1,"href":"https:\/\/blogdodanielgalvao.com.br\/site\/wp-json\/wp\/v2\/posts\/23558\/revisions"}],"predecessor-version":[{"id":23560,"href":"https:\/\/blogdodanielgalvao.com.br\/site\/wp-json\/wp\/v2\/posts\/23558\/revisions\/23560"}],"wp:featuredmedia":[{"embeddable":true,"href":"https:\/\/blogdodanielgalvao.com.br\/site\/wp-json\/wp\/v2\/media\/23559"}],"wp:attachment":[{"href":"https:\/\/blogdodanielgalvao.com.br\/site\/wp-json\/wp\/v2\/media?parent=23558"}],"wp:term":[{"taxonomy":"category","embeddable":true,"href":"https:\/\/blogdodanielgalvao.com.br\/site\/wp-json\/wp\/v2\/categories?post=23558"},{"taxonomy":"post_tag","embeddable":true,"href":"https:\/\/blogdodanielgalvao.com.br\/site\/wp-json\/wp\/v2\/tags?post=23558"}],"curies":[{"name":"wp","href":"https:\/\/api.w.org\/{rel}","templated":true}]}}