{"id":23555,"date":"2025-09-10T17:10:17","date_gmt":"2025-09-10T20:10:17","guid":{"rendered":"https:\/\/blogdodanielgalvao.com.br\/site\/?p=23555"},"modified":"2025-09-10T17:10:21","modified_gmt":"2025-09-10T20:10:21","slug":"hospital-sao-jose-operario-cabo-frio-promove-dia-da-beleza-para-pacientes","status":"publish","type":"post","link":"https:\/\/blogdodanielgalvao.com.br\/site\/hospital-sao-jose-operario-cabo-frio-promove-dia-da-beleza-para-pacientes\/","title":{"rendered":"Hospital S\u00e3o Jos\u00e9 Oper\u00e1rio, Cabo Frio promove Dia da Beleza para pacientes"},"content":{"rendered":"\n<p>O bem-estar f\u00edsico est\u00e1 diretamente ligado ao equil\u00edbrio emocional e social. Pensando nisso, o Hospital Municipal S\u00e3o Jos\u00e9 Oper\u00e1rio realizou, nesta ter\u00e7a-feira (9), o projeto Dia da Beleza, oferecendo momentos de cuidado e autoestima aos pacientes internados.<\/p>\n\n\n\n<p>A a\u00e7\u00e3o contou com servi\u00e7os de corte de cabelo, manicure, maquiagem e barbearia, realizados dentro da unidade hospitalar. A iniciativa foi organizada por servidores do pr\u00f3prio hospital, com o apoio de familiares e amigos, que se uniram para proporcionar uma experi\u00eancia diferente a quem n\u00e3o pode sair do leito.<\/p>\n\n\n\n<p>No total, a unidade possui 58 leitos, e 32 pacientes da cl\u00ednica m\u00e9dica e vascular, previamente avaliados pelo quadro cl\u00ednico, participaram da atividade. Segundo a diretora administrativa, Fl\u00e1via Cunha, a proposta \u00e9 transformar o projeto em uma a\u00e7\u00e3o regular. \u201cA nossa ideia \u00e9 realizar o Dia da Beleza uma vez por m\u00eas. Isso melhora a vida dos pacientes e tamb\u00e9m a dos funcion\u00e1rios, que podem praticar a humaniza\u00e7\u00e3o do atendimento, um dos principais pilares da gest\u00e3o\u201d, afirmou.<\/p>\n\n\n\n<p>Os pacientes aprovaram a iniciativa. Dona Maria de F\u00e1tima, que aproveitou o momento para fazer as unhas, destacou a import\u00e2ncia da a\u00e7\u00e3o: \u201cAjuda na autoestima. \u00c9 muito bom\u201d, disse, emocionada.<\/p>\n\n\n\n<p>O Dia da Beleza refor\u00e7a o compromisso do Hospital S\u00e3o Jos\u00e9 Oper\u00e1rio em integrar sa\u00fade e acolhimento, mostrando que pequenos gestos podem transformar a rotina de quem enfrenta um per\u00edodo&nbsp;de&nbsp;interna\u00e7\u00e3o.&nbsp;&nbsp;&nbsp;<\/p>\n","protected":false},"excerpt":{"rendered":"<p>O bem-estar f\u00edsico est\u00e1 diretamente ligado ao equil\u00edbrio emocional e social. Pensando nisso, o Hospital Municipal S\u00e3o Jos\u00e9 Oper\u00e1rio realizou, nesta ter\u00e7a-feira (9), o projeto Dia da Beleza, oferecendo momentos de cuidado e autoestima aos pacientes internados. A a\u00e7\u00e3o contou com servi\u00e7os de corte de cabelo, manicure, maquiagem e barbearia, realizados dentro da unidade hospitalar. [&hellip;]<\/p>\n","protected":false},"author":2,"featured_media":23556,"comment_status":"open","ping_status":"open","sticky":true,"template":"","format":"standard","meta":{"footnotes":""},"categories":[340],"tags":[1896],"class_list":["post-23555","post","type-post","status-publish","format-standard","has-post-thumbnail","hentry","category-cabo-frio","tag-destaque"],"_links":{"self":[{"href":"https:\/\/blogdodanielgalvao.com.br\/site\/wp-json\/wp\/v2\/posts\/23555","targetHints":{"allow":["GET"]}}],"collection":[{"href":"https:\/\/blogdodanielgalvao.com.br\/site\/wp-json\/wp\/v2\/posts"}],"about":[{"href":"https:\/\/blogdodanielgalvao.com.br\/site\/wp-json\/wp\/v2\/types\/post"}],"author":[{"embeddable":true,"href":"https:\/\/blogdodanielgalvao.com.br\/site\/wp-json\/wp\/v2\/users\/2"}],"replies":[{"embeddable":true,"href":"https:\/\/blogdodanielgalvao.com.br\/site\/wp-json\/wp\/v2\/comments?post=23555"}],"version-history":[{"count":1,"href":"https:\/\/blogdodanielgalvao.com.br\/site\/wp-json\/wp\/v2\/posts\/23555\/revisions"}],"predecessor-version":[{"id":23557,"href":"https:\/\/blogdodanielgalvao.com.br\/site\/wp-json\/wp\/v2\/posts\/23555\/revisions\/23557"}],"wp:featuredmedia":[{"embeddable":true,"href":"https:\/\/blogdodanielgalvao.com.br\/site\/wp-json\/wp\/v2\/media\/23556"}],"wp:attachment":[{"href":"https:\/\/blogdodanielgalvao.com.br\/site\/wp-json\/wp\/v2\/media?parent=23555"}],"wp:term":[{"taxonomy":"category","embeddable":true,"href":"https:\/\/blogdodanielgalvao.com.br\/site\/wp-json\/wp\/v2\/categories?post=23555"},{"taxonomy":"post_tag","embeddable":true,"href":"https:\/\/blogdodanielgalvao.com.br\/site\/wp-json\/wp\/v2\/tags?post=23555"}],"curies":[{"name":"wp","href":"https:\/\/api.w.org\/{rel}","templated":true}]}}