{"id":23552,"date":"2025-09-10T17:05:52","date_gmt":"2025-09-10T20:05:52","guid":{"rendered":"https:\/\/blogdodanielgalvao.com.br\/site\/?p=23552"},"modified":"2025-09-10T17:05:58","modified_gmt":"2025-09-10T20:05:58","slug":"educacao-infantil-ganha-espaco-de-debate-em-arraial-do-cabo","status":"publish","type":"post","link":"https:\/\/blogdodanielgalvao.com.br\/site\/educacao-infantil-ganha-espaco-de-debate-em-arraial-do-cabo\/","title":{"rendered":"Educa\u00e7\u00e3o infantil ganha espa\u00e7o de debate em Arraial do Cabo"},"content":{"rendered":"\n<p>Arraial do Cabo ser\u00e1 palco, no dia 20 de setembro, de um encontro voltado para a valoriza\u00e7\u00e3o da inf\u00e2ncia e para o fortalecimento das pr\u00e1ticas pedag\u00f3gicas. A iniciativa \u00e9 promovida pela Prefeitura, atrav\u00e9s da Secretaria Municipal de Educa\u00e7\u00e3o, em parceria com a RedSOLARE Brasil.<\/p>\n\n\n\n<p>O evento acontece no Ciep Municipalizado 147 e deve reunir aproximadamente 700 profissionais da \u00e1rea da educa\u00e7\u00e3o, que ter\u00e3o a oportunidade de trocar experi\u00eancias, refletir sobre novos caminhos e aprofundar conhecimentos a partir da Abordagem Reggio Emilia, reconhecida mundialmente como refer\u00eancia para a primeira inf\u00e2ncia.<\/p>\n\n\n\n<p>Entre os participantes estar\u00e3o gestores, coordenadores e professores das redes p\u00fablica e privada, al\u00e9m de educadores da regi\u00e3o que acreditam na import\u00e2ncia de construir uma educa\u00e7\u00e3o comprometida tanto com o presente quanto com o futuro das crian\u00e7as.<\/p>\n\n\n\n<p>A programa\u00e7\u00e3o conta com a Mostra de trabalhos produzidos pelas creches municipais de Arraial e uma feira de livros com t\u00edtulos da Reggio Children, permitindo que os presentes levem consigo conte\u00fados e inspira\u00e7\u00f5es para aplicar em seu cotidiano pedag\u00f3gico.<\/p>\n\n\n\n<p>De acordo com a Secretaria de Educa\u00e7\u00e3o, o encontro ser\u00e1 totalmente gratuito, mas todas as vagas j\u00e1 foram&nbsp;preenchidas.&nbsp;&nbsp;&nbsp;<\/p>\n","protected":false},"excerpt":{"rendered":"<p>Arraial do Cabo ser\u00e1 palco, no dia 20 de setembro, de um encontro voltado para a valoriza\u00e7\u00e3o da inf\u00e2ncia e para o fortalecimento das pr\u00e1ticas pedag\u00f3gicas. A iniciativa \u00e9 promovida pela Prefeitura, atrav\u00e9s da Secretaria Municipal de Educa\u00e7\u00e3o, em parceria com a RedSOLARE Brasil. O evento acontece no Ciep Municipalizado 147 e deve reunir aproximadamente [&hellip;]<\/p>\n","protected":false},"author":2,"featured_media":23553,"comment_status":"open","ping_status":"open","sticky":true,"template":"","format":"standard","meta":{"footnotes":""},"categories":[838],"tags":[1896],"class_list":["post-23552","post","type-post","status-publish","format-standard","has-post-thumbnail","hentry","category-arraial-do-cabo","tag-destaque"],"_links":{"self":[{"href":"https:\/\/blogdodanielgalvao.com.br\/site\/wp-json\/wp\/v2\/posts\/23552","targetHints":{"allow":["GET"]}}],"collection":[{"href":"https:\/\/blogdodanielgalvao.com.br\/site\/wp-json\/wp\/v2\/posts"}],"about":[{"href":"https:\/\/blogdodanielgalvao.com.br\/site\/wp-json\/wp\/v2\/types\/post"}],"author":[{"embeddable":true,"href":"https:\/\/blogdodanielgalvao.com.br\/site\/wp-json\/wp\/v2\/users\/2"}],"replies":[{"embeddable":true,"href":"https:\/\/blogdodanielgalvao.com.br\/site\/wp-json\/wp\/v2\/comments?post=23552"}],"version-history":[{"count":1,"href":"https:\/\/blogdodanielgalvao.com.br\/site\/wp-json\/wp\/v2\/posts\/23552\/revisions"}],"predecessor-version":[{"id":23554,"href":"https:\/\/blogdodanielgalvao.com.br\/site\/wp-json\/wp\/v2\/posts\/23552\/revisions\/23554"}],"wp:featuredmedia":[{"embeddable":true,"href":"https:\/\/blogdodanielgalvao.com.br\/site\/wp-json\/wp\/v2\/media\/23553"}],"wp:attachment":[{"href":"https:\/\/blogdodanielgalvao.com.br\/site\/wp-json\/wp\/v2\/media?parent=23552"}],"wp:term":[{"taxonomy":"category","embeddable":true,"href":"https:\/\/blogdodanielgalvao.com.br\/site\/wp-json\/wp\/v2\/categories?post=23552"},{"taxonomy":"post_tag","embeddable":true,"href":"https:\/\/blogdodanielgalvao.com.br\/site\/wp-json\/wp\/v2\/tags?post=23552"}],"curies":[{"name":"wp","href":"https:\/\/api.w.org\/{rel}","templated":true}]}}