{"id":23542,"date":"2025-09-10T13:58:15","date_gmt":"2025-09-10T16:58:15","guid":{"rendered":"https:\/\/blogdodanielgalvao.com.br\/site\/?p=23542"},"modified":"2025-09-10T13:58:18","modified_gmt":"2025-09-10T16:58:18","slug":"firjan-reconhece-escolas-do-norte-fluminense-por-desempenho-exemplar-no-combate-a-evasao","status":"publish","type":"post","link":"https:\/\/blogdodanielgalvao.com.br\/site\/firjan-reconhece-escolas-do-norte-fluminense-por-desempenho-exemplar-no-combate-a-evasao\/","title":{"rendered":"Firjan reconhece escolas do Norte Fluminense por desempenho exemplar no combate \u00e0 evas\u00e3o"},"content":{"rendered":"\n<p>Seis escolas do Norte Fluminense ganharam destaque \u00e0 n\u00edvel estadual nesta semana em evento realizado pela Firjan por terem zerado \u00e0s taxas de evas\u00e3o e abandono escolar. Na \u00faltima segunda-feira (8), elas participaram da cerim\u00f4nia de entrega e Combate \u00e0 Evas\u00e3o, emgestore do estado. No total 66 escolas foram premiadas.<\/p>\n\n\n\n<p>Dentre os col\u00e9gios estaduais premiados na regi\u00e3o, dois deles foram de Campos. S\u00e3o eles o Almirante Barrosa e o Doutor Barros Barreto. No restante, foram duas escolas de S\u00e3o Jo\u00e3o da Barra (Admardo Alves Torres e Chrisanto Henrique de Souza), uma de S\u00e3o Francisco de Itabapoana, com o col\u00e9gio Agostinho Chryzanto de Ara\u00fajo e, por fim, o Montese de S\u00e3o Fid\u00e9lis. Todas est\u00e3o no Pr\u00eamio Prata e os gestores far\u00e3o uma imers\u00e3o em unidades de Pernambuco.<\/p>\n\n\n\n<p>A premia\u00e7\u00e3o faz parte de um conjunto de a\u00e7\u00f5es desenvolvidas a partir da pesquisa \u201cCombate \u00e0 evas\u00e3o no Ensino M\u00e9dio: desafios e oportunidades\u201d, realizada em 2023 pela Firjan SESI em parceria com o PNUD, a fim de reconhecer os esfor\u00e7os para a redu\u00e7\u00e3o do abandono escolar e disseminar boas pr\u00e1ticas contra essa trag\u00e9dia silenciosa, que amplifica desigualdades sociais e impacta a economia.<\/p>\n\n\n\n<p>\u201cEsta \u00e9 uma das mais importantes iniciativas de nossa institui\u00e7\u00e3o no campo da educa\u00e7\u00e3o. A Firjan SESI tem como miss\u00e3o contribuir para a melhoria da qualidade de vida n\u00e3o s\u00f3 do trabalhador da ind\u00fastria, como tamb\u00e9m da sociedade, por meio da educa\u00e7\u00e3o. E 90% dos trabalhadores do setor industrial s\u00e3o oriundos da rede p\u00fablica de ensino. Hoje, com a divulga\u00e7\u00e3o e o reconhecimento das escolas estaduais vencedoras do Pr\u00eamio Firjan SESI-SEEDUC Combate \u00e0 evas\u00e3o, estamos reiterando o compromisso com esta miss\u00e3o\u201d, disse o presidente da Firjan, Luiz C\u00e9sio Caetano.<\/p>\n\n\n\n<p>Enquanto a taxa de abandono geral foi de 5,6% entre 2023 e 2024, as 66 escolas zeraram o \u00edndice, impactando um total de 19.997 estudantes que permaneceram nas unidades. As escolas foram classificadas de acordo com seis n\u00edveis de complexidade de gest\u00e3o, considerando indicadores do INEP que levam em conta fatores como tamanho da unidade, n\u00famero de alunos, infraestrutura, entre outros.<\/p>\n\n\n\n<p>Seguindo essa classifica\u00e7\u00e3o de complexidade, as unidades foram divididas em duas categorias. No Pr\u00eamio Ouro, os gestores de 14 unidades \u2013 sete delas da Baixada Fluminense \u2013 far\u00e3o uma visita \u00e0s universidades de Lisboa e do Porto, em Portugal, onde ter\u00e3o palestras com especialistas da \u00e1rea e conhecer\u00e3o iniciativas internacionais sobre o tema. J\u00e1 no Pr\u00eamio Prata, representantes de 52 unidades far\u00e3o uma imers\u00e3o de quatro dias em escolas de Pernambuco, estado com maior cobertura de Ensino M\u00e9dio integrado a Cursos T\u00e9cnicos e refer\u00eancia nacional com os menores \u00edndices de evas\u00e3o e abandono.<\/p>\n\n\n\n<p>\u201cPremiar boas pr\u00e1ticas no combate \u00e0 evas\u00e3o contribui, efetivamente, para a melhoria da qualidade da educa\u00e7\u00e3o, na medida em que n\u00e3o s\u00f3 incentiva a\u00e7\u00f5es de resgate desses jovens de volta \u00e0 escola, mas sobretudo garante a perman\u00eancia dos estudantes em sala de aula\u201d, disse a secret\u00e1ria estadual de Educa\u00e7\u00e3o, Roberta Barreto.<\/p>\n","protected":false},"excerpt":{"rendered":"<p>Seis escolas do Norte Fluminense ganharam destaque \u00e0 n\u00edvel estadual nesta semana em evento realizado pela Firjan por terem zerado \u00e0s taxas de evas\u00e3o e abandono escolar. Na \u00faltima segunda-feira (8), elas participaram da cerim\u00f4nia de entrega e Combate \u00e0 Evas\u00e3o, emgestore do estado. No total 66 escolas foram premiadas. Dentre os col\u00e9gios estaduais premiados [&hellip;]<\/p>\n","protected":false},"author":2,"featured_media":23543,"comment_status":"open","ping_status":"open","sticky":false,"template":"","format":"standard","meta":{"footnotes":""},"categories":[3],"tags":[],"class_list":["post-23542","post","type-post","status-publish","format-standard","has-post-thumbnail","hentry","category-campos"],"_links":{"self":[{"href":"https:\/\/blogdodanielgalvao.com.br\/site\/wp-json\/wp\/v2\/posts\/23542","targetHints":{"allow":["GET"]}}],"collection":[{"href":"https:\/\/blogdodanielgalvao.com.br\/site\/wp-json\/wp\/v2\/posts"}],"about":[{"href":"https:\/\/blogdodanielgalvao.com.br\/site\/wp-json\/wp\/v2\/types\/post"}],"author":[{"embeddable":true,"href":"https:\/\/blogdodanielgalvao.com.br\/site\/wp-json\/wp\/v2\/users\/2"}],"replies":[{"embeddable":true,"href":"https:\/\/blogdodanielgalvao.com.br\/site\/wp-json\/wp\/v2\/comments?post=23542"}],"version-history":[{"count":1,"href":"https:\/\/blogdodanielgalvao.com.br\/site\/wp-json\/wp\/v2\/posts\/23542\/revisions"}],"predecessor-version":[{"id":23544,"href":"https:\/\/blogdodanielgalvao.com.br\/site\/wp-json\/wp\/v2\/posts\/23542\/revisions\/23544"}],"wp:featuredmedia":[{"embeddable":true,"href":"https:\/\/blogdodanielgalvao.com.br\/site\/wp-json\/wp\/v2\/media\/23543"}],"wp:attachment":[{"href":"https:\/\/blogdodanielgalvao.com.br\/site\/wp-json\/wp\/v2\/media?parent=23542"}],"wp:term":[{"taxonomy":"category","embeddable":true,"href":"https:\/\/blogdodanielgalvao.com.br\/site\/wp-json\/wp\/v2\/categories?post=23542"},{"taxonomy":"post_tag","embeddable":true,"href":"https:\/\/blogdodanielgalvao.com.br\/site\/wp-json\/wp\/v2\/tags?post=23542"}],"curies":[{"name":"wp","href":"https:\/\/api.w.org\/{rel}","templated":true}]}}