{"id":23539,"date":"2025-09-10T13:42:41","date_gmt":"2025-09-10T16:42:41","guid":{"rendered":"https:\/\/blogdodanielgalvao.com.br\/site\/?p=23539"},"modified":"2025-09-10T13:42:45","modified_gmt":"2025-09-10T16:42:45","slug":"secretaria-de-qualificacao-profissional-de-macae-lanca-novo-ciclo-de-cursos-com-426-vagas","status":"publish","type":"post","link":"https:\/\/blogdodanielgalvao.com.br\/site\/secretaria-de-qualificacao-profissional-de-macae-lanca-novo-ciclo-de-cursos-com-426-vagas\/","title":{"rendered":"Secretaria de Qualifica\u00e7\u00e3o Profissional de Maca\u00e9 lan\u00e7a novo ciclo de cursos com 426 vagas"},"content":{"rendered":"\n<p>Maca\u00e9 segue investindo na qualifica\u00e7\u00e3o da m\u00e3o de obra local. Nesta semana, a Secretaria Executiva de Qualifica\u00e7\u00e3o Profissional decidiu abrir inscri\u00e7\u00f5es visando o preenchimento de 426 vagas distribu\u00eddas em 15 cursos das mais variadas \u00e1reas. As inscri\u00e7\u00f5es tiveram in\u00edcio nesta quarta (10) e v\u00e3o at\u00e9 sexta (12). Elas est\u00e3o sendo realizadas de forma presencial na sede da Secretaria, que fica na Rua Alfredo Backer, 363, no Centro. O hor\u00e1rio de atendimento \u00e9 das 9h \u00e0s 19h.<\/p>\n\n\n\n<p>Dentre os cursos oferecidos, est\u00e3o: Inform\u00e1tica B\u00e1sica; Pacote Office; Auxiliar Administrativo; Forma\u00e7\u00e3o Profissional Jovem; Rotinas Administrativas para Jovem Aprendiz; Recreador Infantil; Recep\u00e7\u00e3o Hospitalar; Auxiliar de Sa\u00fade Bucal; Primeiros Socorros; Ingl\u00eas B\u00e1sico; Ingl\u00eas B\u00e1sico para Hotelaria e Turismo; Saloneiro; Taifeiro; Homem de \u00c1rea; SSP (Supervisor de Seguran\u00e7a Patrimonial).<\/p>\n\n\n\n<p>Os interessados em se inscrever precisam preencher a ficha de cadastro e comparecer com os seguintes documentos originais e c\u00f3pias: documento oficial de identifica\u00e7\u00e3o com foto (Carteira de Identidade \u2013 RG ou equivalente); Cadastro de Pessoa F\u00edsica (CPF); comprovante de escolaridade; comprovante de resid\u00eancia atualizado, emitido nos \u00faltimos tr\u00eas meses, em nome do candidato, de seu c\u00f4njuge ou de um dos pais, podendo ser conta de \u00e1gua, luz ou correspond\u00eancia banc\u00e1ria emitida por ag\u00eancia f\u00edsica.<\/p>\n\n\n\n<p>A Secretaria informa que a previs\u00e3o para a divulga\u00e7\u00e3o do resultado preliminar \u00e9 o dia 20 de setembro. O resultado parcial, com a classifica\u00e7\u00e3o dos candidatos, estar\u00e1 dispon\u00edvel para consulta na Secretaria Executiva de Qualifica\u00e7\u00e3o Profissional de Maca\u00e9, bem como no site oficial da Prefeitura Municipal de Maca\u00e9 (www.macae.rj.gov.br). A lista conter\u00e1 a rela\u00e7\u00e3o dos candidatos desclassificados, acompanhada da justificativa t\u00e9cnica, com base na an\u00e1lise documental realizada no ato da inscri\u00e7\u00e3o.<\/p>\n\n\n\n<p>Os recursos podem ser realizados na sede da secretaria no dia 22 de setembro, das 9h \u00e0s 16h. O resultado final ser\u00e1 publicado no site www.macae.rj.gov.br no dia 27 deste m\u00eas, com convoca\u00e7\u00f5es para matr\u00edcula entre os dias 29 de setembro e 1\u00ba de outubro. O in\u00edcio das aulas est\u00e1 previsto para o dia 6 de outubro.<\/p>\n","protected":false},"excerpt":{"rendered":"<p>Maca\u00e9 segue investindo na qualifica\u00e7\u00e3o da m\u00e3o de obra local. Nesta semana, a Secretaria Executiva de Qualifica\u00e7\u00e3o Profissional decidiu abrir inscri\u00e7\u00f5es visando o preenchimento de 426 vagas distribu\u00eddas em 15 cursos das mais variadas \u00e1reas. As inscri\u00e7\u00f5es tiveram in\u00edcio nesta quarta (10) e v\u00e3o at\u00e9 sexta (12). Elas est\u00e3o sendo realizadas de forma presencial na [&hellip;]<\/p>\n","protected":false},"author":2,"featured_media":23540,"comment_status":"open","ping_status":"open","sticky":false,"template":"","format":"standard","meta":{"footnotes":""},"categories":[2],"tags":[2986],"class_list":["post-23539","post","type-post","status-publish","format-standard","has-post-thumbnail","hentry","category-macae","tag-secretaria-de-qualificacao-profissional-de-macae"],"_links":{"self":[{"href":"https:\/\/blogdodanielgalvao.com.br\/site\/wp-json\/wp\/v2\/posts\/23539","targetHints":{"allow":["GET"]}}],"collection":[{"href":"https:\/\/blogdodanielgalvao.com.br\/site\/wp-json\/wp\/v2\/posts"}],"about":[{"href":"https:\/\/blogdodanielgalvao.com.br\/site\/wp-json\/wp\/v2\/types\/post"}],"author":[{"embeddable":true,"href":"https:\/\/blogdodanielgalvao.com.br\/site\/wp-json\/wp\/v2\/users\/2"}],"replies":[{"embeddable":true,"href":"https:\/\/blogdodanielgalvao.com.br\/site\/wp-json\/wp\/v2\/comments?post=23539"}],"version-history":[{"count":1,"href":"https:\/\/blogdodanielgalvao.com.br\/site\/wp-json\/wp\/v2\/posts\/23539\/revisions"}],"predecessor-version":[{"id":23541,"href":"https:\/\/blogdodanielgalvao.com.br\/site\/wp-json\/wp\/v2\/posts\/23539\/revisions\/23541"}],"wp:featuredmedia":[{"embeddable":true,"href":"https:\/\/blogdodanielgalvao.com.br\/site\/wp-json\/wp\/v2\/media\/23540"}],"wp:attachment":[{"href":"https:\/\/blogdodanielgalvao.com.br\/site\/wp-json\/wp\/v2\/media?parent=23539"}],"wp:term":[{"taxonomy":"category","embeddable":true,"href":"https:\/\/blogdodanielgalvao.com.br\/site\/wp-json\/wp\/v2\/categories?post=23539"},{"taxonomy":"post_tag","embeddable":true,"href":"https:\/\/blogdodanielgalvao.com.br\/site\/wp-json\/wp\/v2\/tags?post=23539"}],"curies":[{"name":"wp","href":"https:\/\/api.w.org\/{rel}","templated":true}]}}