{"id":23530,"date":"2025-09-10T12:08:40","date_gmt":"2025-09-10T15:08:40","guid":{"rendered":"https:\/\/blogdodanielgalvao.com.br\/site\/?p=23530"},"modified":"2025-09-10T12:08:43","modified_gmt":"2025-09-10T15:08:43","slug":"marica-tera-guarda-municipal-armada-e-treinada-pelo-bope-diz-quaqua","status":"publish","type":"post","link":"https:\/\/blogdodanielgalvao.com.br\/site\/marica-tera-guarda-municipal-armada-e-treinada-pelo-bope-diz-quaqua\/","title":{"rendered":"Maric\u00e1 ter\u00e1 Guarda Municipal armada e treinada pelo BOPE, diz Quaqu\u00e1"},"content":{"rendered":"\n<p>A C\u00e2mara de Maric\u00e1 aprovou, nessa ter\u00e7a-feira, 9, por unanimidade dos 19 vereadores, um projeto de lei de autoria da equipe de governo do prefeito Washington Quaqu\u00e1 (PT), que autoriza o armamento da Guarda Municipal.<\/p>\n\n\n\n<p>Elaborado pela Secretaria de Seguran\u00e7a Cidad\u00e3, o projeto agora aguarda san\u00e7\u00e3o do prefeito, que comemorou a decis\u00e3o do plen\u00e1rio e falou um pouco mais sobre os planos para transformar os guardas municipais em agentes armados.<\/p>\n\n\n\n<p>\u201cN\u00f3s aprovamos hoje (9), na C\u00e2mara Municipal de Maric\u00e1, o armamento da Guarda Municipal em 2\u00aa vota\u00e7\u00e3o. Isso significa que a nossa guarda est\u00e1 autorizada a ser armada. N\u00f3s seguiremos todos os protocolos para que os agentes sejam treinados pelo BOPE (Batalh\u00e3o de Opera\u00e7\u00f5es Policiais Especiais). Faremos de Maric\u00e1 a cidade mais segura do Brasil, trabalhando em conjunto com todas as for\u00e7as de seguran\u00e7a\u201d, afirmou Quaqu\u00e1.<br>De acordo com o secret\u00e1rio de Seguran\u00e7a Cidad\u00e3, coronel Julio Veras, durante o processo de armamento, os guardas municipais passar\u00e3o por um rigoroso processo de treinamento, realizado em parceria com a Pol\u00edcia Militar (PM).<\/p>\n\n\n\n<p>Al\u00e9m disso, o gestor da pasta falou sobre os planos do governo de criar seu pr\u00f3prio batalh\u00e3o de elite, que ser\u00e1 chamado de Grupamento de Ocupa\u00e7\u00e3o Democr\u00e1tica Armada do Territ\u00f3rio (GODAT), composto por cerca de 150 guardas municipais.<\/p>\n\n\n\n<p>Juntamente com o treinamento, a prefeitura tamb\u00e9m garante que os guardas armados ser\u00e3o obrigados a utilizar c\u00e2meras corporais, como forma de assegurar a transpar\u00eancia nas abordagens armadas dos agentes de seguran\u00e7a p\u00fablica.<\/p>\n\n\n\n<p>\u201cHoje \u00e9 um dia hist\u00f3rico para a Guarda Municipal de Maric\u00e1. Estamos avan\u00e7ando em um projeto constru\u00eddo com seriedade e responsabilidade, formando uma guarda armada, bem treinada e capacitada para proteger a nossa popula\u00e7\u00e3o. Esse passo refor\u00e7a o compromisso do prefeito Washington Quaqu\u00e1 em compreender que o crescimento da cidade e dos investimentos deve caminhar lado a lado com uma seguran\u00e7a consolidada. Novos desafios surgem e estamos prontos para enfrent\u00e1-los com preparo, disciplina e, acima de tudo, respeito aos direitos fundamentais de cada cidad\u00e3o\u201d, afirmou o coronel Julio Veras.<\/p>\n\n\n\n<p>Segundo a prefeitura, os guardas municipais armados tamb\u00e9m ter\u00e3o suas atua\u00e7\u00f5es fiscalizadas, sob responsabilidade da Corregedoria Interna da Guarda Municipal, do Minist\u00e9rio P\u00fablico do Estado do Rio (MPRJ).<br>\u201cA Guarda Municipal de Maric\u00e1 conta hoje com cerca de 420 agentes, que passam por forma\u00e7\u00f5es cont\u00ednuas no Centro de Estudos da corpora\u00e7\u00e3o. Entre os cursos oferecidos, est\u00e3o conte\u00fados sobre Direitos Humanos e capacita\u00e7\u00f5es realizadas em parceria com o Instituto Marielle Franco, abordando temas como desigualdade, racismo e direito \u00e0 cidade\u201d, ressaltou a prefeitura.<\/p>\n\n\n\n<p>Curiosamente, a decis\u00e3o de armar a Guarda Municipal parece ir na contram\u00e3o dos bons resultados apresentados pelo munic\u00edpio na \u00e1rea da seguran\u00e7a p\u00fablica, em que a cidade registra 19 meses, ou seja, mais de 1 ano e meio, sem registro de latroc\u00ednio.<\/p>\n\n\n\n<p>Outros n\u00fameros da seguran\u00e7a p\u00fablica de Maric\u00e1 mostram que a cidade tem sua menor taxa de mortes violentas desde 2003, nenhum roubo de carga registrado esse ano, 77 ve\u00edculos recuperados e mais de 280 encaminhamentos \u00e0 delegacia.<br>\u201cOs resultados s\u00e3o frutos da integra\u00e7\u00e3o entre a Guarda Municipal, Pol\u00edcia Militar e Pol\u00edcia Civil, com o apoio do Centro Integrado de Observa\u00e7\u00e3o e Seguran\u00e7a P\u00fablica (Ciosp), que conta com mais de 3 mil c\u00e2meras em funcionamento 24 horas por dia, 700 delas da prefeitura, equipadas com tecnologia de reconhecimento facial e leitura de caracteres. As demais est\u00e3o integradas a sistemas de seguran\u00e7a privados, formando uma ampla rede de monitoramento. O plano estrat\u00e9gico prev\u00ea a amplia\u00e7\u00e3o para mais de 7 mil c\u00e2meras, cobrindo todos os distritos do munic\u00edpio\u201d, detalhou a prefeitura.&nbsp;&nbsp;&nbsp;<\/p>\n","protected":false},"excerpt":{"rendered":"<p>A C\u00e2mara de Maric\u00e1 aprovou, nessa ter\u00e7a-feira, 9, por unanimidade dos 19 vereadores, um projeto de lei de autoria da equipe de governo do prefeito Washington Quaqu\u00e1 (PT), que autoriza o armamento da Guarda Municipal. Elaborado pela Secretaria de Seguran\u00e7a Cidad\u00e3, o projeto agora aguarda san\u00e7\u00e3o do prefeito, que comemorou a decis\u00e3o do plen\u00e1rio e [&hellip;]<\/p>\n","protected":false},"author":2,"featured_media":23531,"comment_status":"open","ping_status":"open","sticky":true,"template":"","format":"standard","meta":{"footnotes":""},"categories":[299],"tags":[1896],"class_list":["post-23530","post","type-post","status-publish","format-standard","has-post-thumbnail","hentry","category-marica","tag-destaque"],"_links":{"self":[{"href":"https:\/\/blogdodanielgalvao.com.br\/site\/wp-json\/wp\/v2\/posts\/23530","targetHints":{"allow":["GET"]}}],"collection":[{"href":"https:\/\/blogdodanielgalvao.com.br\/site\/wp-json\/wp\/v2\/posts"}],"about":[{"href":"https:\/\/blogdodanielgalvao.com.br\/site\/wp-json\/wp\/v2\/types\/post"}],"author":[{"embeddable":true,"href":"https:\/\/blogdodanielgalvao.com.br\/site\/wp-json\/wp\/v2\/users\/2"}],"replies":[{"embeddable":true,"href":"https:\/\/blogdodanielgalvao.com.br\/site\/wp-json\/wp\/v2\/comments?post=23530"}],"version-history":[{"count":1,"href":"https:\/\/blogdodanielgalvao.com.br\/site\/wp-json\/wp\/v2\/posts\/23530\/revisions"}],"predecessor-version":[{"id":23532,"href":"https:\/\/blogdodanielgalvao.com.br\/site\/wp-json\/wp\/v2\/posts\/23530\/revisions\/23532"}],"wp:featuredmedia":[{"embeddable":true,"href":"https:\/\/blogdodanielgalvao.com.br\/site\/wp-json\/wp\/v2\/media\/23531"}],"wp:attachment":[{"href":"https:\/\/blogdodanielgalvao.com.br\/site\/wp-json\/wp\/v2\/media?parent=23530"}],"wp:term":[{"taxonomy":"category","embeddable":true,"href":"https:\/\/blogdodanielgalvao.com.br\/site\/wp-json\/wp\/v2\/categories?post=23530"},{"taxonomy":"post_tag","embeddable":true,"href":"https:\/\/blogdodanielgalvao.com.br\/site\/wp-json\/wp\/v2\/tags?post=23530"}],"curies":[{"name":"wp","href":"https:\/\/api.w.org\/{rel}","templated":true}]}}